{"id":785,"date":"2009-12-10T17:49:38","date_gmt":"2009-12-10T16:49:38","guid":{"rendered":"http:\/\/www.palmerini.net\/blog\/?p=785"},"modified":"2009-12-10T19:17:41","modified_gmt":"2009-12-10T18:17:41","slug":"fini-impari-almeno-dagli-americani","status":"publish","type":"post","link":"https:\/\/palmerini.net\/blog\/fini-impari-almeno-dagli-americani\/","title":{"rendered":"Fini impari almeno dagli americani"},"content":{"rendered":"<p><img loading=\"lazy\" decoding=\"async\" class=\"size-medium wp-image-787 align=right style=\"margin: 20px;\" title=\"gianfranco fini\" src=\"http:\/\/www.palmerini.net\/blog\/wp-content\/uploads\/2009\/12\/fini-243x300.jpg\" alt=\"gianfranco fini\" width=\"243\" height=\"300\" srcset=\"https:\/\/palmerini.net\/blog\/wp-content\/uploads\/2009\/12\/fini-243x300.jpg 243w, https:\/\/palmerini.net\/blog\/wp-content\/uploads\/2009\/12\/fini.jpg 500w\" sizes=\"auto, (max-width: 243px) 100vw, 243px\" \/>Recentemente la destra americana xenofoba e razzista ha tentato di delegittimare Obama sostenendo che non \u00e8 nato negli Stati Uniti, quindi ineleggibile.\u00a0\u00a0 Infatti nella Costituzione americana all&#8217;articolo 2 \u00e8 sancito il principio\u00a0 del &#8220;natural born citizen&#8221; per l&#8217;elezione alla Presidenza. Ossia si deve essere nati sul suolo USA per diventare presidente degli stessi.<\/p>\n<p>Quella destra ha sostenuto che Obama fosse nato invece in Kenya, comprovando il fatto sulla base di un certificato di nascita trovato in internet; peccato per\u00f2 che fosse il certificato di un australiano.<\/p>\n<p>Se questa polemica sembra scemare, occorre dire che\u00a0 gli USA sono certamente uno degli stati al mondo con la pi\u00f9 grande mescolanza etnica, e quindi anche fra i pi\u00f9 avanzati per la risoluzione dei problemi che la multietnicit\u00e0 comporta.<\/p>\n<p>La multietnicit\u00e0 comporta che \u00e8 impossibile l&#8217;imposizione di un modello, perch\u00e9 \u00e8 razzismo, e questo vale anche per l'&#8221;italianit\u00e0&#8221; qualunque cosa essa significhi, se esiste. Al che sappiano coloro che amano le grandi mescolanze, che esse comportano inevitabilmente la distruzione della cultura precedente. Nessuno sconto da parte della storia.<\/p>\n<p>Negli USA si \u00e8 tentato di risolvere i vari problemi, in molti modi, tanto da definirli &#8220;melting pot&#8221;. Ci sono una serie di norme che proteggono le minoranze, altre norme che le definiscono, a loro volta secondo diversi principi, per esempio secondo il criterio del colore della pelle (come i &#8220;neri&#8221; o africani),  oppure secondo il criterio della\u00a0cultura come per gli &#8220;ispanici&#8221; , ma nonostante questo e il lungo periodo di mescolanza il problema non \u00e8 risolto.<br \/>\nSu questa legislazione generale  si cala inoltre anche la legislazione dei singoli stati. Per cui in Florida c&#8217;\u00e8 una sorta di bilinguismo inglese-spagnolo dovuto per la grande presenza di immigrati sopratutto messicani, ma in molto gi\u00e0 calcolano che verso il 2150 gli USA interi\u00a0 avranno come lingua ufficiale lo spagnolo.<\/p>\n<p>Se si guarda la situazione USA e la legislazione americana, essa\u00a0non \u00e8 avanzata come quella del Canada, che invece garantisce la proporzionale etnica. L\u00ec ogni etnia ha spazi garantiti, qualcosa di simile al Sud Tirolo. Se in italia si adottasse la legislazione canadese per le Istituzioni centrali, il parlamento e i media vedrebbero un incredibile aumento della presenza di veneti, che oggi sono discriminati nei posti pubblici.<\/p>\n<p>Insomma, non \u00e8 un problema facile, tanto che in Olanda stanno facendo marcia indietro cercando di rafforzare la loro identit\u00e0 storica.<\/p>\n<p>In Italia invece si va in tutt&#8217;altra direzione. Fini pretenderebbe di parificare ai cittadini &#8220;nativi&#8221; quelli immigrati da 5 anni.  Che dire? Nemmeno la sinistra dei centri sociali ha mai chiesto tanto,\u00a0 anche se poi manifesta con i &#8220;no-global&#8221; che in teoria vogliono che ogni uno stia a casa sua e non commerci a livello globale.<\/p>\n<p>Fini non \u00e8 di quella destra America, ma \u00e8 di quella destra sociale di cui fanno parte Urso ecc.  Una volta un esponente di sinistra comunista mi disse con apprezzamento che Urso \u00e8 un socialista.<\/p>\n<p>Infatti il socialismo ha 2 correnti, quella di destra e quella di sinistra.<\/p>\n<p>Il socialismo di destra sfocia poi nella destra socialista a componente nazionale, e storicamente ha generato il nazional-socialismo (Hitler) e il Fascismo.<\/p>\n<p>Il socialismo di sinistra\u00a0 sfocia poi nel comunismo,\u00a0 a componente transnazionale, e storicamente ha generato il comunismo Russo e quello Cinese. <\/p>\n<p>In proporzione alla popolazione i 2 socialismi hanno fatto parecchi morti. Quello russo ne ha fatti oltre 50 milioni.<\/p>\n<p>Ma tutto ci\u00f2 appartiene al secolo scorso. Fini \u00e8 un uomo del secolo scorso , a me pare con una grande confusione culturale, tanto de venire sconfessato anche dai suoi stessi compagni di battaglia. <\/p>\n<p>Oggi Fini vuole che ogni essere umano in Italia abbia pari possibilit\u00e0 di realizzazione politica anche rispetto ai cittadini nativi. E che in astratto \u00e8 simpatico, anche se in concreto \u00e8 irrealizzabile.   Ma \u00e8 un concetto che non sorprende da una persona di discendenza ebraica, in quanto popolo perseguitato e soggetto a continue migrazioni a causa di questo.<\/p>\n<p>Al di l\u00e0 del fatto che \u00e8 una follia socialista storicamente gi\u00e0 fallita, per la tenuta di uno stato come quello italiano, incollato con lo sputo e che non riesce nemmeno a diventare federalista, \u00e8 un concetto devastante distruttivo delle Istituzioni che pu\u00f2 servire a favorire i poteri esterni , sia etnici che globali.<\/p>\n<p>Se Fini vincer\u00e0 questa battaglia i cittadini italiani non conteranno pi\u00f9 nulla, perch\u00e9 i neo-cittadini sanno coalizzarsi molto meglio dei cittadini storici. E&#8217; gi\u00e0 sotto gli occhi di tutti.<\/p>\n<p>Un esempio \u00e8 l&#8217;elezione del sindaco di Padova Zanonato, che ha vinto per poche migliaia di voti ricevuti\u00a0 dalla florida componente\u00a0dei Rumeni residenti a Padova, che in quanto cittadini europei non hanno pi\u00f9 nessun limite alla residenza e votano alle amministrative.<\/p>\n<p>In poche parole, oggi la citt\u00e0 di Padova \u00e8 governata non da chi i padovani hanno scelto, ma da chi hanno scelto gli immigrati dopo la scrematura dei padovani che hanno ridotto a 2 i candidati (ballottaggio) .<\/p>\n<p>Ben presto vedremo dei candidati che opteranno per scelte filo islamiche per vincere le elezioni, con buona pace della Lega e con grande sorpresa della gerarchia ecclesiastica.<\/p>\n<p>E che non si arrivia anche a chiedere il bilinguismo con la componente immigrata pi\u00f9 forte alla faccia dei veneti.<\/p>\n<p>Insomma, la richiesta di Fini \u00e8 forse la pretesa pi\u00f9 distruttiva delle Istituzioni degli ultimi anni, tanto pi\u00f9 che viene dalla terza carica dello Stato. Si dovrebbe invece andare a studiare la politica di immigrazione della Repubblica Veneta, che gi\u00e0 era alle prese con questi problemi mezzo millennio fa, e gest\u00ec la cosa perfettamente  per diversi secoli. Si aggiornino i razzisti antiveneti anche sulle discriminazioni sugli immigrati e sugli ebrei nella repubblica veneta: sono un falso.<\/p>\n<p>Cosa dire dunque a Fini?<\/p>\n<p>Pi\u00f9 che altro, pu\u00f2 un presidente della Camera cos\u00ec di parte essere considerato garante imparziale ?<\/p>\n","protected":false},"excerpt":{"rendered":"","protected":false},"author":292,"featured_media":0,"comment_status":"open","ping_status":"closed","sticky":false,"template":"","format":"standard","meta":{"advanced_seo_description":"","jetpack_seo_html_title":"","jetpack_seo_noindex":false,"jetpack_post_was_ever_published":false,"_jetpack_newsletter_access":"","_jetpack_dont_email_post_to_subs":false,"_jetpack_newsletter_tier_id":0,"_jetpack_memberships_contains_paywalled_content":false,"_jetpack_memberships_contains_paid_content":false,"footnotes":"","jetpack_publicize_message":"","jetpack_publicize_feature_enabled":true,"jetpack_social_post_already_shared":false,"jetpack_social_options":{"image_generator_settings":{"template":"highway","default_image_id":0,"font":"","enabled":false},"version":2}},"categories":[12,10,6],"tags":[],"class_list":["post-785","post","type-post","status-publish","format-standard","hentry","category-autogoverno-popolo-veneto","category-diritti-umani","category-politica","has-post-title","has-post-date","has-post-category","has-post-tag","has-post-comment","has-post-author",""],"jetpack_publicize_connections":[],"jetpack_featured_media_url":"","jetpack-related-posts":[],"jetpack_sharing_enabled":true,"jetpack_likes_enabled":true,"builder_content":"","_links":{"self":[{"href":"https:\/\/palmerini.net\/blog\/wp-json\/wp\/v2\/posts\/785","targetHints":{"allow":["GET"]}}],"collection":[{"href":"https:\/\/palmerini.net\/blog\/wp-json\/wp\/v2\/posts"}],"about":[{"href":"https:\/\/palmerini.net\/blog\/wp-json\/wp\/v2\/types\/post"}],"author":[{"embeddable":true,"href":"https:\/\/palmerini.net\/blog\/wp-json\/wp\/v2\/users\/292"}],"replies":[{"embeddable":true,"href":"https:\/\/palmerini.net\/blog\/wp-json\/wp\/v2\/comments?post=785"}],"version-history":[{"count":0,"href":"https:\/\/palmerini.net\/blog\/wp-json\/wp\/v2\/posts\/785\/revisions"}],"wp:attachment":[{"href":"https:\/\/palmerini.net\/blog\/wp-json\/wp\/v2\/media?parent=785"}],"wp:term":[{"taxonomy":"category","embeddable":true,"href":"https:\/\/palmerini.net\/blog\/wp-json\/wp\/v2\/categories?post=785"},{"taxonomy":"post_tag","embeddable":true,"href":"https:\/\/palmerini.net\/blog\/wp-json\/wp\/v2\/tags?post=785"}],"curies":[{"name":"wp","href":"https:\/\/api.w.org\/{rel}","templated":true}]}}