{"id":4925,"date":"2017-09-01T18:56:39","date_gmt":"2017-09-01T17:56:39","guid":{"rendered":"http:\/\/www.palmerini.net\/blog\/?p=4925"},"modified":"2017-10-06T02:31:03","modified_gmt":"2017-10-06T01:31:03","slug":"la-lorenzin-dice-cose-non-vere-ai-cittadini-ed-insiste-in-un-piano-illegale-venga-dimessa","status":"publish","type":"post","link":"https:\/\/palmerini.net\/blog\/la-lorenzin-dice-cose-non-vere-ai-cittadini-ed-insiste-in-un-piano-illegale-venga-dimessa\/","title":{"rendered":"La Lorenzin dice cose non vere ai cittadini, ed insiste in un piano illegale: venga dimessa"},"content":{"rendered":"<p>di Loris Palmerini &#8211; 01 settembre \u00a02017<br \/>\nNon corrisponde alla verit\u00e0 il fatto che ci sia una epidemia generalizzata di morbillo, per esempio non c&#8217;\u00e8 alcuna emergenza nella et\u00e0 pediatrica, cio\u00e8 proprio nei bambini che si vogliono vaccinare, e non c&#8217;\u00e8 alcuna emergenza anche in tutte le altre vaccinazioni rese obbligtorie. A dirlo non \u00e8 il sottoscritto, ma (nero su bianco) la Regione Veneto nel ricorso che ha presentato in Corte Costituzionale contro il Decreto Legge Lorenzin nel mese di luglio.<\/p>\n<p>La Regione Veneto ha dimostrato con i dati che semmai esiste un aumento di casi di morbillo negli adulti, e che l&#8217;et\u00e0 mediana dei casi \u00a0(differente dalla media statistica) \u00e8 di 27 anni.<\/p>\n<p>Attenzione per\u00f2 che per la presunta emergenza di morbillo negli adulti, \u00a0vaccinare i bimbi piccoli pu\u00f2 essere inutile o perfino dannoso, perch\u00e9 non sappiamo se questi adulti che si ammalano sono stati vaccinati in precedenza o meno, perch\u00e9 sappiamo che la vaccinazione da morbillo non crea immunit\u00e0 duratura per tutta la vita come invece avviene con la malattia naturale. Quindi se sono gli adulti ad ammalarsi, forse \u00e8 perch\u00e9 non hanno continuato a vaccinarsi per sempre come \u00e8 nella mente di chi vuole salvare l&#8217;umanit\u00e0 con i vaccini.\u00a0In pratica forse potremmo perfino scoprire che vaccinare di pi\u00f9 potrebbe portare ad effetti peggiori, come verificato in Repubblica Ceca e Mongolia. Non sappiamo se chi si ammala di morbillo \u00e8 stato vaccinato in passato, e questo dimostra che si stanno facendo le cose alla cieca, con un vaccino che statisticamente risulta per altro molto legato ai danni da vaccini.<\/p>\n<p>La Lorenzin continua a dire cose false su questo, e io qui non dar\u00f2 pubblicit\u00e0 ai giornali parolai che riportano queste ultime cose false, basta cercarle. Documentarsi, anche per le menzogne.<\/p>\n<p>Anche ammettendo che ci sia una emergenza generalizzata come tenta di far credere la Lorenzin, e non \u00e8 vero, cosa ha giustificato la obbligatoriet\u00e0 di 10 vaccinazioni? \u00a0Certo non dipende da emergenza sanitaria su 10 malattie, per fortuna, e lo ha detto, nero su bianco, anche la Regione Veneto.<\/p>\n<p>Per altro alcune di queste vaccinazioni, per esempio quella per il tetano, hanno soglie di sicurezza molto pi\u00f9 basse delle attuali coperture perch\u00e9 non si trasmettono per contagio, e sono legate alle necessit\u00e0 del mondo contadino, almeno se vogliamo credere all&#8217;OMS, all&#8217;organizzazione mondiale della sanit\u00e0, o alla CDC<\/p>\n<p>La Lorenzin si \u00e8 inventata delle soglie di sicurezza del 95%, lo ha detto anche la Regione Veneto. In Francia sostengono che la soglia di sicurezza sia il 90%. La CDC propone soglie differenziate a volte molto pi\u00f9 basse. Si mettessero almeno d&#8217;accordo fra loro, i salvatori dell&#8217;umanit\u00e0 tramite iniezione vaccinale.<\/p>\n<p>Ecco che l&#8217;urgenza di questa faccenda evidentemente non risponde a urgenza sanitaria, ma ovviamente non so dire se corrisponde a urgenza politica, economica, di tangenti o di epidemie da troppa immigrazione&#8230;. non ho i dati.<\/p>\n<p>La Lorenzin ha dimostrato gi\u00e0 pi\u00f9 volte di dire cose non vere,non corrette, non scientifiche, non statistiche.<\/p>\n<p>In un paese normale sarebbe gi\u00e0 stata fatta dimettere o suon di pernacchie, ma noi non siamo un paese con elezioni democratiche (una cosa cos\u00ec una volta si chiamava dittatura), abbiamo un governo di fatto non scelto democraticamente. Che fa cose sbagliate e dannose evidentemente. Se il governo \u00e8 legittimo ne discuteremo a suo tempo, ma certamente non \u00e8 eletto, non \u00e8 democraticamente eletto, non \u00e8 nemmeno democratico nel senso dei diritti umani, non \u00e8 certamente un governo come quello previsto dalla Costituzione.<\/p>\n<p>Aggregazione Veneta <a href=\"https:\/\/veneta.link\/category\/cittadino\/liberta-vaccinale\/\">ha chiesto alla Corte Costituzionale che si cancelli l&#8217;obbligo vaccinale perch\u00e9 vietato, ripeto, vietato, dalla legge internazionale<\/a>. Lo abbiamo fatto intervenendo nel ricorso iniziato dalla Regione Veneto, ma lo abbiamo potuto fare perch\u00e9 rappresentiamo la nazionalit\u00e0 veneta per il diritto internazionale. E la Corte Costituzionale ci ha accettati.<\/p>\n<p>L&#8217;obbligo vaccinale verr\u00e0 cancellato, non temano i genitori, non cedano alle paure e alle minacce, non facciano in modo che questa gente interferiscano nella vita delle famiglie in maniera terrorizzante (come si chiama uno che terrorizza ?) .<\/p>\n<p>La Lorenzin, il Governo, e il parlamento hanno emanato una legge che viola un diritto umano fondamentale, il diritto a non sottoporsi ad una cura imposta dallo Stato, ossia il diritto a dare il consenso ad ogni trattamento sanitario. Non esiste il diritto della societ\u00e0 di negare questo principio sancito dalla legge internazionale, se lo si fa automaticamente si apre le porta al diritto di sopprimere gli ammalati e, dopo poco, i diversi e le etnie.<\/p>\n<p>Questa legge \u00e8 liberticida, va cancellata, il ministro come minimo dimesso.<\/p>\n<p>Ma temo che questa legge statisticamente sar\u00e0 omicida di tanti piccoli bambini, e spiego perch\u00e9.<\/p>\n<p>Fino ad oggi non hanno vaccinato i loro bambini quei genitori che con le prime vaccinazioni hanno riscontrato dei problemi, come allergie, e altre sintomatologie che sono collegate temporalmente alla vaccinazione. Chi dovrebbe vigilare \u00a0dice che le due cose non sono l&#8217;una conseguenza dell&#8217;altra anche quando si riscontra la conseguenza in migliaia di casi, ma oltrettutto dalle inchieste giornalistiche risulta che il sistema di rilevamento dei danni \u00e8 a pezzi, non funziona, se non addirittura soggetto alla falsificazione dei dati.<\/p>\n<p>Secondo la scienza e secondo le prescrizioni di alcuni vaccini, non bisogna continuare le vaccinazioni in presenza di una serie di segnali che invece la prassi italiana non accetta come causa di esenzione. Ed inoltre ci sono sostanze pericolose nei vaccini, a volte perfino vietate per l&#8217;alimentazione. Questa \u00e8 scienza e sono fatti.<\/p>\n<p>Purtroppo con la legge Lorenzin si andranno a vaccinare molti bambini che non si devono vaccinare per il principio di precauzione, e che fino ad ora si erano salvati per la precauzione dei loro genitori .<\/p>\n<p>Purtroppo questa legge probabilmente produrr\u00e0 molti pi\u00f9 danni ai bambini costringendo alla vaccinazione quelli che la evitavano per il criterio di precauzione che la Lorenzin evidentemente non conosce, o che ignora volontariamente, e questi pericoli diventeranno realt\u00e0 almeno in un certo numero di casi.<\/p>\n<p>Da dove arriva questa sicumera della Lorenzin?<\/p>\n<p>Per chi non lo sapesse, Lorenzin e il presidente dell&#8217;AIFA Pecorelli nel 2014 hanno impegnato l&#8217;Italia a sottoporsi ad una sperimentazione di massa del progetto GHSA, un progetto che non \u00e8 dell&#8217;ONU o della UE, ma di una associazione privata alla quale \u00a0l&#8217;Italia non mi risulta aver ceduto alcuna sovranit\u00e0.<\/p>\n<p>Cospirazione-ismo? Ma nemmeno per sogno, <a href=\"http:\/\/www.aifa.gov.it\/content\/litalia-capofila-le-strategie-vaccinali-livello-mondiale\">trionfanti lo hanno detto apertamente a tutti sul sito dell&#8217;AIFA<\/a><br \/>\nA casa mia impegnare uno Stato a sottoporsi ad un progetto di questo stampo senza chiedere un voto popolare e senza un voto del parlamento (ci fosse un parlamento eletto) configura un attentato alla Costituzione dello Stato, un attentato alla sovranit\u00e0 del popolo, un attentato alla salute, un attentato all&#8217;indipendenza ed alla sovranit\u00e0, se non addirittura un atto di guerra per le implicazioni belliche che ha una cosa del genere.<\/p>\n<p>Purtroppo tutto cade in testa ai genitori che devono decidere se subire \u00a0la negazione di diritti umani e fare questi danni sui figli, o se, nel proteggere i loro figli in tutti i modi , sbarazzarsi di questo problema creato dalla Lorenzin e compari. Diciamolo chiaramente, si tratta di una guerra per il diritto, la libert\u00e0, la salute. Io andr\u00f2 in fondo a questa cosa, so di non essere solo.<\/p>\n<p>Chiedo al Governo di dimettere la Lorenzin e di cancellare immediatamente con Decreto legge l&#8217;obbligo vaccinale.<\/p>\n<p>Chiedo al Presidente della Repubblica di fare un atto di autotutela e di ritirare la legge Lorenzin perch\u00e9 incompatibile con il diritto umano.<\/p>\n<p>Questo appello \u00e8 certamente condiviso da migliaia di persone. Adesso lo chiediamo con le buone e a mezzo di un post in un sito anonimo.<br \/>\nEd io parlo per me ma so che lo faccio anche per quelli che hanno dato sostegno a questa azione contro l&#8217;obbligo vaccinale.<\/p>\n<p>Seguiranno le vie ordinarie di carta bollata, ma attenzione, che subito dopo avremo l&#8217;evidenza legale dell&#8217;attentato alla Costituzione e la necessit\u00e0 di difendere la Costituzione. Potrebbero esserci risvolti sull&#8217;ordine pubblico. Lo dico alle forze armate che si preparino a difendere la Costituzione.<\/p>\n<p>E tu che leggi, unisci tua voce al coro, firma la petizione online a sostegno (morale) del ricorso di Aggregazione Veneta.<\/p>\n<blockquote class=\"wp-embedded-content\" data-secret=\"DbguOv4J3W\"><p><a href=\"https:\/\/veneta.link\/petizione-contro-lobbligo-vaccinale-a-sostegno-di-aggregazione-veneta\/\">Sottoscrizione del ricorso di Aggregazione Veneta  contro l&#8217;illegale obbligo vaccinale e per la buona prassi medica<\/a><\/p><\/blockquote>\n<p><iframe loading=\"lazy\" title=\"&#8220;Sottoscrizione del ricorso di Aggregazione Veneta  contro l&#8217;illegale obbligo vaccinale e per la buona prassi medica&#8221; &#8212; Aggregazione veneta\" class=\"wp-embedded-content\" sandbox=\"allow-scripts\" security=\"restricted\" style=\"position: absolute; clip: rect(1px, 1px, 1px, 1px);\" src=\"https:\/\/veneta.link\/petizione-contro-lobbligo-vaccinale-a-sostegno-di-aggregazione-veneta\/embed\/#?secret=DbguOv4J3W\" data-secret=\"DbguOv4J3W\" width=\"600\" height=\"338\" frameborder=\"0\" marginwidth=\"0\" marginheight=\"0\" scrolling=\"no\"><\/iframe><\/p>\n<blockquote class=\"wp-embedded-content\" data-secret=\"DbguOv4J3W\"><p><a href=\"https:\/\/veneta.link\/petizione-contro-lobbligo-vaccinale-a-sostegno-di-aggregazione-veneta\/\">Sottoscrizione del ricorso di Aggregazione Veneta  contro l&#8217;illegale obbligo vaccinale e per la buona prassi medica<\/a><\/p><\/blockquote>\n<p><iframe loading=\"lazy\" title=\"&#8220;Sottoscrizione del ricorso di Aggregazione Veneta  contro l&#8217;illegale obbligo vaccinale e per la buona prassi medica&#8221; &#8212; Aggregazione veneta\" class=\"wp-embedded-content\" sandbox=\"allow-scripts\" security=\"restricted\" style=\"position: absolute; clip: rect(1px, 1px, 1px, 1px);\" src=\"https:\/\/veneta.link\/petizione-contro-lobbligo-vaccinale-a-sostegno-di-aggregazione-veneta\/embed\/#?secret=DbguOv4J3W\" data-secret=\"DbguOv4J3W\" width=\"600\" height=\"338\" frameborder=\"0\" marginwidth=\"0\" marginheight=\"0\" scrolling=\"no\"><\/iframe><\/p>\n","protected":false},"excerpt":{"rendered":"<p>di Loris Palmerini &#8211; 01 settembre \u00a02017 Non corrisponde alla verit\u00e0 il fatto che ci sia una epidemia generalizzata di morbillo, per esempio non c&#8217;\u00e8 alcuna emergenza nella et\u00e0 pediatrica, cio\u00e8 proprio nei bambini che si vogliono vaccinare, e non c&#8217;\u00e8 alcuna emergenza anche in tutte le altre vaccinazioni rese obbligtorie. A dirlo non \u00e8 [&hellip;]<\/p>\n","protected":false},"author":293,"featured_media":0,"comment_status":"open","ping_status":"closed","sticky":false,"template":"","format":"standard","meta":{"advanced_seo_description":"","jetpack_seo_html_title":"","jetpack_seo_noindex":false,"jetpack_post_was_ever_published":false,"_jetpack_newsletter_access":"","_jetpack_dont_email_post_to_subs":false,"_jetpack_newsletter_tier_id":0,"_jetpack_memberships_contains_paywalled_content":false,"_jetpack_memberships_contains_paid_content":false,"footnotes":"","jetpack_publicize_message":"","jetpack_publicize_feature_enabled":true,"jetpack_social_post_already_shared":true,"jetpack_social_options":{"image_generator_settings":{"template":"highway","default_image_id":0,"font":"","enabled":false},"version":2}},"categories":[60,10,194,15,100],"tags":[234,239],"class_list":["post-4925","post","type-post","status-publish","format-standard","hentry","category-alimentazione-e-salute","category-diritti-umani","category-diritto","category-giustizia","category-salute","tag-obbligo-vaccinale","tag-vaccini","has-post-title","has-post-date","has-post-category","has-post-tag","has-post-comment","has-post-author",""],"jetpack_publicize_connections":[],"jetpack_featured_media_url":"","jetpack-related-posts":[],"jetpack_sharing_enabled":true,"jetpack_likes_enabled":true,"builder_content":"","_links":{"self":[{"href":"https:\/\/palmerini.net\/blog\/wp-json\/wp\/v2\/posts\/4925","targetHints":{"allow":["GET"]}}],"collection":[{"href":"https:\/\/palmerini.net\/blog\/wp-json\/wp\/v2\/posts"}],"about":[{"href":"https:\/\/palmerini.net\/blog\/wp-json\/wp\/v2\/types\/post"}],"author":[{"embeddable":true,"href":"https:\/\/palmerini.net\/blog\/wp-json\/wp\/v2\/users\/293"}],"replies":[{"embeddable":true,"href":"https:\/\/palmerini.net\/blog\/wp-json\/wp\/v2\/comments?post=4925"}],"version-history":[{"count":0,"href":"https:\/\/palmerini.net\/blog\/wp-json\/wp\/v2\/posts\/4925\/revisions"}],"wp:attachment":[{"href":"https:\/\/palmerini.net\/blog\/wp-json\/wp\/v2\/media?parent=4925"}],"wp:term":[{"taxonomy":"category","embeddable":true,"href":"https:\/\/palmerini.net\/blog\/wp-json\/wp\/v2\/categories?post=4925"},{"taxonomy":"post_tag","embeddable":true,"href":"https:\/\/palmerini.net\/blog\/wp-json\/wp\/v2\/tags?post=4925"}],"curies":[{"name":"wp","href":"https:\/\/api.w.org\/{rel}","templated":true}]}}