{"id":4922,"date":"2017-08-10T18:10:54","date_gmt":"2017-08-10T17:10:54","guid":{"rendered":"http:\/\/www.palmerini.net\/blog\/?p=4922"},"modified":"2017-08-10T18:10:54","modified_gmt":"2017-08-10T17:10:54","slug":"fatta-leuropa-si-devono-fare-gli-europei-ecco-la-nazione-europa","status":"publish","type":"post","link":"https:\/\/palmerini.net\/blog\/fatta-leuropa-si-devono-fare-gli-europei-ecco-la-nazione-europa\/","title":{"rendered":"Fatta l&#8217;Europa si devono fare gli Europei: ecco la nazione-Europa"},"content":{"rendered":"<p>&nbsp;<\/p>\n<p>&nbsp;<\/p>\n<p>&nbsp;<\/p>\n<p>Dal settembre 1993 a tutto il 1994 ho vissuto in Belgio da studente.<br \/>\nIl Campus universitario si trovava sulle colline fuori Liegi, ed era dotato di servizi incredibili agli occhi di molti di noi. Comprendeva aule, biblioteche, impianti sportivi, piscine, perfino un ospedale a forma di piramide immerso nel verde.<br \/>\nSempre nel campus, abitavo in una meravigliosa casa dello studente a forma di alveare disegnata da un famoso architetto belga,.<br \/>\nEravamo circa in 300, per un totale di oltre venti nazionalit\u00e0. C&#8217;erano anche i rumeni appena usciti dalla dittatura.<br \/>\nC&#8217;erano le nazionalit\u00e0 pi\u00f9 coese (o etnocentriche), come i Romeni, gli Spagnoli, ma anche gli Inglesi.<br \/>\nC&#8217;erano i popoli pi\u00f9 aperti, o meno etnocentrici, e sorprender\u00e0 molti sapere che i pi\u00f9 cosmopoliti, anche culturalmente, erano i tedeschi, ma anche i danesi, gli svedesi, gli irlandesi&#8230; Ci rispettavamo tutti, non pochi si sono pure sposati fra loro, io stesso ho fatto incontrare qualche coppia.<\/p>\n<p>Nei discorsi ognuno metteva la propria identit\u00e0, ma nel rispetto delle differenze, ed \u00e8 stato forse proprio l\u00ec che ho cominciato a capire che la mia identit\u00e0 in effetti non era del tutto uguale a quella delle molte altri parti d&#8217;Italia. Gli italiani del nord erano un po&#8217; sulle loro rispetto a quelli del sud, e comunque c&#8217;erano tanti siciliani con cui passavo abbastanza tempo.<\/p>\n<p>Il tema \u00e8 che a nessuno di noi di tutta Europa sarebbe mai venuto in mente di scrivere una porcata come quella su<br \/>\nhttps:\/\/it.wikipedia.org\/wiki\/Demografia_dell%27Europa<\/p>\n<p><a href=\"http:\/\/https:\/\/it.wikipedia.org\/wiki\/Demografia_dell%27Europa\"><img loading=\"lazy\" decoding=\"async\" class=\"size-large wp-image-4923 alignleft\" src=\"http:\/\/www.palmerini.net\/blog\/wp-content\/uploads\/2017\/08\/Istantanea_2017-08-10_19-09-23-600x184.png\" alt=\"\" width=\"600\" height=\"184\" srcset=\"https:\/\/palmerini.net\/blog\/wp-content\/uploads\/2017\/08\/Istantanea_2017-08-10_19-09-23-600x184.png 600w, https:\/\/palmerini.net\/blog\/wp-content\/uploads\/2017\/08\/Istantanea_2017-08-10_19-09-23-300x92.png 300w, https:\/\/palmerini.net\/blog\/wp-content\/uploads\/2017\/08\/Istantanea_2017-08-10_19-09-23.png 641w\" sizes=\"auto, (max-width: 600px) 100vw, 600px\" \/><\/a>Chi finanzia Wikipedia? Perch\u00e9 non si pu\u00f2 parlare liberamente di certi fatti storici?<\/p>\n<p>Come mai si assiste a queste porcate ? Forse che &#8220;Fatta l&#8217;Europa si devono fare gli Europei?&#8221;<\/p>\n<p>Chi ha provato questi esperimenti di nazione ha ottenuto solo guerre, miseria e disperazione.<\/p>\n<p>&nbsp;<\/p>\n","protected":false},"excerpt":{"rendered":"<p>&nbsp; &nbsp; &nbsp; Dal settembre 1993 a tutto il 1994 ho vissuto in Belgio da studente. Il Campus universitario si trovava sulle colline fuori Liegi, ed era dotato di servizi incredibili agli occhi di molti di noi. Comprendeva aule, biblioteche, impianti sportivi, piscine, perfino un ospedale a forma di piramide immerso nel verde. Sempre nel [&hellip;]<\/p>\n","protected":false},"author":293,"featured_media":0,"comment_status":"open","ping_status":"closed","sticky":false,"template":"","format":"standard","meta":{"advanced_seo_description":"","jetpack_seo_html_title":"","jetpack_seo_noindex":false,"jetpack_post_was_ever_published":false,"_jetpack_newsletter_access":"","_jetpack_dont_email_post_to_subs":false,"_jetpack_newsletter_tier_id":0,"_jetpack_memberships_contains_paywalled_content":false,"_jetpack_memberships_contains_paid_content":false,"footnotes":"","jetpack_publicize_message":"","jetpack_publicize_feature_enabled":true,"jetpack_social_post_already_shared":true,"jetpack_social_options":{"image_generator_settings":{"template":"highway","default_image_id":0,"font":"","enabled":false},"version":2}},"categories":[5,182,1,61],"tags":[215,95,227,76],"class_list":["post-4922","post","type-post","status-publish","format-standard","hentry","category-cultura","category-estero","category-personale","category-storia","tag-cittadinanza","tag-europa","tag-nazione","tag-unione-europea","has-post-title","has-post-date","has-post-category","has-post-tag","has-post-comment","has-post-author",""],"jetpack_publicize_connections":[],"jetpack_featured_media_url":"","jetpack-related-posts":[],"jetpack_sharing_enabled":true,"jetpack_likes_enabled":true,"builder_content":"","_links":{"self":[{"href":"https:\/\/palmerini.net\/blog\/wp-json\/wp\/v2\/posts\/4922","targetHints":{"allow":["GET"]}}],"collection":[{"href":"https:\/\/palmerini.net\/blog\/wp-json\/wp\/v2\/posts"}],"about":[{"href":"https:\/\/palmerini.net\/blog\/wp-json\/wp\/v2\/types\/post"}],"author":[{"embeddable":true,"href":"https:\/\/palmerini.net\/blog\/wp-json\/wp\/v2\/users\/293"}],"replies":[{"embeddable":true,"href":"https:\/\/palmerini.net\/blog\/wp-json\/wp\/v2\/comments?post=4922"}],"version-history":[{"count":0,"href":"https:\/\/palmerini.net\/blog\/wp-json\/wp\/v2\/posts\/4922\/revisions"}],"wp:attachment":[{"href":"https:\/\/palmerini.net\/blog\/wp-json\/wp\/v2\/media?parent=4922"}],"wp:term":[{"taxonomy":"category","embeddable":true,"href":"https:\/\/palmerini.net\/blog\/wp-json\/wp\/v2\/categories?post=4922"},{"taxonomy":"post_tag","embeddable":true,"href":"https:\/\/palmerini.net\/blog\/wp-json\/wp\/v2\/tags?post=4922"}],"curies":[{"name":"wp","href":"https:\/\/api.w.org\/{rel}","templated":true}]}}