{"id":4350,"date":"2017-02-11T18:00:04","date_gmt":"2017-02-11T17:00:04","guid":{"rendered":"http:\/\/www.palmerini.net\/blog\/?p=4350"},"modified":"2017-02-21T11:32:18","modified_gmt":"2017-02-21T10:32:18","slug":"il-ricorso-in-corte-costituzionale-potrebbe-farci-bene","status":"publish","type":"post","link":"https:\/\/palmerini.net\/blog\/il-ricorso-in-corte-costituzionale-potrebbe-farci-bene\/","title":{"rendered":"Il ricorso in Corte Costituzionale potrebbe farci bene"},"content":{"rendered":"<p>Il governo italiano presenter\u00e0 ricorso alla Corte Costituzionale contro la norma regionale del Veneto che riconosce al popolo veneto l&#8217;applicazione della\u00a0 Convenzione Quadro sulle minoranze nazionali. In pratica riconosce ai veneti il fatto di essere una &#8220;minoranza nazionale&#8221;.<\/p>\n<p>Il fatto \u00e8 che della legge io sono il padre, ma non \u00e8 esattamente quella da me scritta e proposta da 7 consigli comunali.\u00a0 E&#8217; uscita dal Consiglio Regionale con la totale riscrittura dell&#8217;art.3, impostoci, e con 2 nuovi commi dei quali personalmente ho saputo solo al momento della pubblicazione in BUR. Dato che al momento non \u00e8 dato sapersi su quali punti il governo far\u00e0 ricorso, \u00e8 anche inutile fare congetture.<\/p>\n<p>Paradossalmente per\u00f2, il ricorso potrebbe anche rafforzare i diritti dei veneti con la demolizione parziale della legge, per altro <!--more-->l&#8217;unica possibile. Infatti, dato che il popolo veneto \u00e8 presente da millenni nel territorio da Bergamo a Udine, non \u00e8 nel potere del governo semplicemente affermare che il popolo veneto non esiste, perch\u00e9 \u00e8 gi\u00e0 stato riconosciuto fin dal 1971.<\/p>\n<p>Ma \u00e8 anche chiaro che la sola Regione Veneto non pu\u00f2 svolgere il ruolo che si \u00e8 data di solitario attuatore della Convenzione Quadro sulle minoranze nazionali, in ossequio alla Convenzione Quadro che impone che tutto il territorio storico dei veneti venga gestito da una unica regione autonoma.<\/p>\n<p>Insomma paradossalmente la legge dovrebbe perfino venire rafforzata dal governo, e comunque non credo che il Consiglio d&#8217;Europa accetter\u00e0 la palese violazione dei diritti del popolo veneto costituito dalla semplice negazione della sua esistenza.<\/p>\n<p>Valuteremo il da farsi al momento che il testo del ricorso verr\u00e0 conosciuto, ma di sicuro i diritti di &#8220;minoranza nazionale&#8221; non possono pi\u00f9 essere cancellati, si pu\u00f2 eventualmente discutere solo sulle modalit\u00e0 di attuazione della Convenzione Quadro, che debbono comunque essere quanto pi\u00f9 celeri possibili senza artifici e raggiri, in buona fede (art.1 Convenzione).<\/p>\n<p>Anche perch\u00e9 se da parte dell&#8217;Italia ci saranno gravi strappi delle norme internazionali, \u00e8 sancito dalla Convenzione quadro il diritto-dovere della comunit\u00e0 internazionale di intervenire anche garantendo l&#8217;indipendenza dei Veneti se necessario.<br \/>\nDi sicuro il tema rester\u00e0 sul tavolo.<\/p>\n<p>Ecco cosa ha scritto\u00a0 il governo &#8220;1) legge Regione Veneto n. 28 del 13\/12\/2016, \u201cApplicazione della convenzione quadro per la protezione delle minoranze nazionali\u201d, in quanto la legge in parola, che qualifica la popolazione veneta come \u201cminoranza nazionale\u201d, e prevede che ad essa spettino i diritti di cui alla \u201cConvenzione quadro per la protezione delle minoranze nazionali\u201d del Consiglio d\u2019Europa, eccede dalle competenze regionali e viola vari principi costituzionali: quelli che riservano alla legislazione statale l\u2019attuazione dei trattati e delle convenzioni internazionali e i rapporti internazionali dello Stato, stabiliti dagli artt. 80 e 117 secondo comma, lett. a), Costituzione; il principio, che la giurisprudenza costituzionale riconduce all\u2019art. 6 della Costituzione, che pone in capo al legislatore statale l\u2019individuazione delle minoranze da tutelare, le modalit\u00e0 di determinazione dei loro elementi identificativi e gli istituti che caratterizzano tale tutela;&#8221;<\/p>\n<p>&nbsp;<\/p>\n","protected":false},"excerpt":{"rendered":"<p>Il governo italiano presenter\u00e0 ricorso alla Corte Costituzionale contro la norma regionale del Veneto che riconosce al popolo veneto l&#8217;applicazione della\u00a0 Convenzione Quadro sulle minoranze nazionali. In pratica riconosce ai veneti il fatto di essere una &#8220;minoranza nazionale&#8221;. Il fatto \u00e8 che della legge io sono il padre, ma non \u00e8 esattamente quella da me [&hellip;]<\/p>\n","protected":false},"author":293,"featured_media":0,"comment_status":"open","ping_status":"closed","sticky":false,"template":"","format":"standard","meta":{"advanced_seo_description":"","jetpack_seo_html_title":"","jetpack_seo_noindex":false,"jetpack_post_was_ever_published":false,"_jetpack_newsletter_access":"","_jetpack_dont_email_post_to_subs":false,"_jetpack_newsletter_tier_id":0,"_jetpack_memberships_contains_paywalled_content":false,"_jetpack_memberships_contains_paid_content":false,"footnotes":"","jetpack_publicize_message":"","jetpack_publicize_feature_enabled":true,"jetpack_social_post_already_shared":true,"jetpack_social_options":{"image_generator_settings":{"template":"highway","default_image_id":0,"font":"","enabled":false},"version":2}},"categories":[12,1],"tags":[],"class_list":["post-4350","post","type-post","status-publish","format-standard","hentry","category-autogoverno-popolo-veneto","category-personale","has-post-title","has-post-date","has-post-category","has-post-tag","has-post-comment","has-post-author",""],"jetpack_publicize_connections":[],"jetpack_featured_media_url":"","jetpack-related-posts":[],"jetpack_sharing_enabled":true,"jetpack_likes_enabled":true,"builder_content":"","_links":{"self":[{"href":"https:\/\/palmerini.net\/blog\/wp-json\/wp\/v2\/posts\/4350","targetHints":{"allow":["GET"]}}],"collection":[{"href":"https:\/\/palmerini.net\/blog\/wp-json\/wp\/v2\/posts"}],"about":[{"href":"https:\/\/palmerini.net\/blog\/wp-json\/wp\/v2\/types\/post"}],"author":[{"embeddable":true,"href":"https:\/\/palmerini.net\/blog\/wp-json\/wp\/v2\/users\/293"}],"replies":[{"embeddable":true,"href":"https:\/\/palmerini.net\/blog\/wp-json\/wp\/v2\/comments?post=4350"}],"version-history":[{"count":0,"href":"https:\/\/palmerini.net\/blog\/wp-json\/wp\/v2\/posts\/4350\/revisions"}],"wp:attachment":[{"href":"https:\/\/palmerini.net\/blog\/wp-json\/wp\/v2\/media?parent=4350"}],"wp:term":[{"taxonomy":"category","embeddable":true,"href":"https:\/\/palmerini.net\/blog\/wp-json\/wp\/v2\/categories?post=4350"},{"taxonomy":"post_tag","embeddable":true,"href":"https:\/\/palmerini.net\/blog\/wp-json\/wp\/v2\/tags?post=4350"}],"curies":[{"name":"wp","href":"https:\/\/api.w.org\/{rel}","templated":true}]}}