{"id":3841,"date":"2014-07-07T03:14:07","date_gmt":"2014-07-07T02:14:07","guid":{"rendered":"http:\/\/www.palmerini.net\/blog\/?p=3841"},"modified":"2017-05-12T15:52:43","modified_gmt":"2017-05-12T14:52:43","slug":"elezioni-incostituzionali-dal-2006-dobbiamo-arrestarli-in-blocco","status":"publish","type":"post","link":"https:\/\/palmerini.net\/blog\/elezioni-incostituzionali-dal-2006-dobbiamo-arrestarli-in-blocco\/","title":{"rendered":"Elezioni incostituzionali dal 2006: dobbiamo arrestarli in blocco?"},"content":{"rendered":"<p><img loading=\"lazy\" decoding=\"async\" class=\"alignright size-medium wp-image-3847\" src=\"http:\/\/www.palmerini.net\/blog\/wp-content\/uploads\/2014\/07\/cimitero-leggi-180x300.png\" alt=\"cimitero-leggi\" width=\"180\" height=\"300\" srcset=\"https:\/\/palmerini.net\/blog\/wp-content\/uploads\/2014\/07\/cimitero-leggi-180x300.png 180w, https:\/\/palmerini.net\/blog\/wp-content\/uploads\/2014\/07\/cimitero-leggi.png 270w\" sizes=\"auto, (max-width: 180px) 100vw, 180px\" \/>La Corte Costituzionale ha dichiarato incostituzionali le elezioni dal 2006 in poi (sent.n.1\/2014).<\/p>\n<p>Poi per\u00f2 ha pensato di &#8220;salvare&#8221; le camere e il &#8220;presidente&#8221; della Repubblica salvaguardando gli effetti di questi atti illegali ed eversivi, non solo per il passato, ma anche per il futuro. E questi NON\u00a0eletti naturalmente hanno pensato di restare incollati alla poltrona.<\/p>\n<p>Il fatto \u00e8 che l&#8217;art.136 della Costituzione dice che &#8220;Quando la Corte dichiara l\u2019illegittimit\u00e0 costituzionale di una norma di legge<br \/>\no di atto avente forza di legge, la norma cessa di avere efficacia dal giorno successivo alla pubblicazione della decisione.&#8221;.<\/p>\n<p>Quindi \u00e8 ovvio che &#8220;Quando la Corte dichiara l\u2019illegittimit\u00e0 costituzionale di una norma di legge<br \/>\no di atto avente forza di legge&#8221; \u00a0 succede che &#8220;la norma cessa di avere efficacia dal giorno successivo alla pubblicazione della decisione&#8221; e non pu\u00f2 essere altrimenti.<\/p>\n<p>La\u00a0\u00a0Corte Costituzionale invece ha \u00a0dichiarato \u00a0incostituzionale una norma e contemporaneamente ne ha \u00a0salvaguardato gli effetti violando il principio costituzionale . E un fatto eversivo come quello delle elezioni illegali!<\/p>\n<p>La Corte ha dichiarato di salvare gli effetti passati delle elezioni, ma nemmeno questo nell&#8217;articolo Costituzionale in teoria \u00e8 possibile,<!--more--> potrebbe salvare gli effetti non incostituzionali solo una legge fatta da un parlamento legittimo, altrimenti si rende nulla ed inutile la Costituzione.<\/p>\n<p>In ogni caso non si possono conservare gli effetti di una legge incostituzionale nel futuro, e nemmeno la corte ha dato validit\u00e0 eterna a questo parlamento, altrimenti non ha pi\u00f9 senso la dichiarazione di incostituzionalit\u00e0.<\/p>\n<p>La realt\u00e0 per\u00f2 \u00e8 ben peggiore: due giudici su tre di questa Corte Costituzionale sono politici (come Amato) nominati da parlamenti illegali e incostituzionali, e se avessero rispettato la Costituzione e l&#8217;art.136 avrebbero\u00a0\u00a0dovuto dichiarare contemporaneamente alla sentenza che\u00a0loro stessi sono stati nominati da un parlamento illegittimo.<\/p>\n<p>Certamente quindi la stessa sentenza non \u00e8 una sentenza, perch\u00e9 la Corte stessa non \u00e8 una corte legittima, perch\u00e9 gli effetti della sentenza sono appunto che\u00a0\u00a0&#8220;la norma cessa di avere efficacia dal giorno successivo alla pubblicazione della decisione&#8221;.<\/p>\n<p>La sentenza della Corte Costituzionale salvaguardando per il futuro e per il passato gli effetti di una legge incostituzionale viola apertamente l&#8217;art.136 della Costituzione e sovverta il principio stesso della preminenza della Costituzione sulla legge ordinaria anche elettorale.<\/p>\n<p>C&#8217;\u00e8 di pi\u00f9\u00a0:\u00a0le norme internazionali \u00a0riconoscono al popolo\u00a0il diritto a elezioni libere, in particolare l&#8217;art.3 Protocollo 1 della CEDU (per altro richiamato dalla stessa sentenza !) e l&#8217;analogo art.25 del &#8220;Patto internazionale sui diritti civili e politici&#8221; di fonte ONU.<\/p>\n<p>L&#8217;art.10 Cost. afferma che &#8220;L\u2019ordinamento giuridico italiano si conforma alle norme del diritto internazionale generalmente riconosciute&#8221;.<\/p>\n<p>La Corte non sentenziando per l&#8217;immediato ritorno alle urne, ha quindi \u00a0 sovvertito \u00a0il principio costituzionali che le leggi internazionali ratificate prevalgono sull&#8217;ordinamento interno , cosa che \u00e8 stata riconosciuta pure da una sentenza delle Corte Costituzionale come da sentenze della Corte di Cassazione.<\/p>\n<p>Come si sono permessi questi giudici costituzionali illegali di &#8220;sospendere&#8221; il diritto di elezioni, e di lasciarlo &#8220;sospeso&#8221;\u00a0senza imporre un immediato scioglimento delle camere? Pu\u00f2 ben capitare che il Presidente della Repubblica e del Senato muoiono e che dunque nessuno sia legalmente il capo dello Stato ? E allora cosa succederebbe? Perch\u00e9 la Corte non pu\u00f2 dichiarare lo scioglimento delle camere? Nulla lo impedisce !<\/p>\n<p>Qualcuno lo deve fare subito.<\/p>\n<p>Sono 6 mesi che aspetto che un qualche giurista o costituzionalista metta in luce questo aspetto incostituzionale della sentenza n.1 del 2014, e che chieda lo scioglimento delle Camere che in effetti non sono elette costituzionalmente.<\/p>\n<p>La nullit\u00e0 degli effetti futuri della legge incostituzionale prescritto dall&#8217;art.136 Cost. fa una ENORME E SOSTANZIALE differenza sull&#8217;assetto attuale.<\/p>\n<p>Per primo, poich\u00e9 le elezioni non legittimano questo parlamento dal giorno della sentenza, esso non \u00e8 un parlamento, gli eletti con premio di maggioranza non esistono proprio, e sono circa 200 i parlamentari PD alla Camera per &#8220;premio&#8221; illegale, e quindi ne deriva che il Governo non ha\u00a0nemmeno\u00a0una maggioranza politica, il parlamento nel complesso \u00e8 illegittimo (lo dice pure la sentenza).<\/p>\n<p>Siamo di fronte ad una associazione private eversiva che usurpa le Istituzioni, esattamente come denunciavo nel 1996, anche quelle furono elezioni incostituzionali.<\/p>\n<p>La Corte Costituzionale ( in maggioranza anche essa fatta di membri &#8220;politici&#8221; nominati da usurpatori) ha salvato s\u00e9 stessa e gli usurpatori violando la Costituzione, ma non vale un fico secco: il parlamento non \u00e8 legittimo come dice la Costituzione.<\/p>\n<p>Lasciare a questa mafia politica il tempo per aggiustare le cose \u00e8 altrettanto criminale, possono starsene l\u00ec per altri 4 anni e con comodo cancellare tutti i vincoli costituzionali rendendo un fatto apparentemente legale un colpo di stato. Posso pure autoassolversi (come hanno sempre fatto e stanno facendo) e quindi il tutto finisce nel nulla.<\/p>\n<p>Assolversi da cosa ? Dall&#8217;usurpazione di poteri politici che \u00e8 un reato grave contro lo stato.<\/p>\n<p>Governo e parlamento e Presidente della Repubblica NON SONO LEGITTIMI alla luce dell&#8217;art.136 Cost., stanno usurpando i poteri, si tratta di colpo di stato lungamente realizzato con l&#8217;usurpazione del diritto di voto libero dei cittadini, e siccome non sono legalmente parlamentari, non hanno immunit\u00e0, possono essere arrestati, anzi DEVONO ESSERE DICHIARATI IN ARRESTO DALLE FORZE DELL&#8217;ORDINE PERCHE&#8217; IL TIPO DI REATO LO PRESCRIVE.<\/p>\n<p>ANZI, E&#8217; DIRITTO DOVERE DI CIASCUNO FARE LA DICHIARAZIONE DI ARRESTO<\/p>\n<p>Perch\u00e9 non lo hanno dichiarato e fatto quelli del 9 dicembre ? Perch\u00e9 non lo dichiara e non lo fa il Movimento 5 stelle o altri partiti?<\/p>\n<p>Semplice: o non hanno la preparazione sufficiente , o non vogliono. Per il Movimento 5 Stelle \u00e8 chiaro che essi conoscono benissimo la gravit\u00e0 della situazione, lo hanno pure dichiarato, ma evidentemente preferiscono collaborare con questo regime facendo finta di fargli opposizione, come hanno sempre fatto destra e sinistra, in realt\u00e0 sempre d&#8217;accordo.<\/p>\n<p>Purtroppo questi signori usurpatori non li arrester\u00e0 nessuno, come dimostrano le mie denunce fin dal 1996: la magistratura \u00e8 controllata come corpo dalla massoneria politica che guida l&#8217;italia fin dalla sua nascita, che l&#8217;ha creata distruggendo le libert\u00e0 dei popoli d&#8217;Italia.<\/p>\n<p>Che la magistratura abbia un ruolo politico, non l&#8217;intero corpo della magistratura, ma il vertice della magistratura, \u00e8 dimostrato non solo dalla sentenza della Corte Costituzionale, ma pure dalla mia denuncia depositata alla Corte dei Conti a febbraio, come altre\u00a0mie varie denunce presentate fin dal 1995.<\/p>\n<p>Purtroppo questa\u00a0\u00a0mafia politica ha \u00a0gangli\u00a0che\u00a0arrivano fino ai vertici UE , anzi, oggi la UE \u00a0\u00e8 rappresentata dalla presidente italiana, e tutti tacciono \u00a0su questa non legalit\u00e0 dell&#8217;Italia in violazione dei trattati europei.<\/p>\n<p>Tutto questo, la denuncia di usurpazione ecc., \u00e8 gi\u00e0 stato fatto nel 1996 e negli anni seguenti. Allora avevo dimostrato che Scalfaro era corresponsabile e associato eversivo a questa mafia &#8230;&#8230; NON SUCCESSE NULLA. Anzi, mi denunciarono per offese alla Istituzione del Presidente , ma un ricorso da me fatto e firmato da Scalfaro dimostrava che le mie affermazioni erano vere, e cos\u00ec tutto venne insabbiato dal &#8220;ministro&#8221; Flick (oggi \u00e8 nella corte Costituzionale ?). E nulla disse il PM del tempo , Carlo Nordio, ammutolito forse dalle promesse di guidare la &#8220;riforma&#8221; del sistema giudiziario, che mai avvenne .<\/p>\n<p>Tutto questo dimostra che la Costituzione in realt\u00e0 NON ESISTE, NON SERVE A NULLA ,E &#8216; SOLO UNA MASCHERA di un regime che in nome del tuo &#8220;bene&#8221; fa i propri porci comodi.<\/p>\n<p>Occorre capire e sapere questi fatti, o non si capisce con che nemico si ha a che fare, e se non lo si conosce non lo si pu\u00f2 vincere e vincere questa guerra di liberazione.<\/p>\n<p>Ecco il dossier che dimostra che l&#8217;Italia \u00e8 un eterno ritorno a sistematici &#8220;colpi di stato&#8221; http:\/\/italia.8m.com\/salva<\/p>\n<p>Sono passati sei mesi dalla pubblicazione della sentenza, e ci sono stati 6 mesi di dibattito e studio da parte di tutti i maggiori giuristi.<\/p>\n<p>Mi sembra di poter affermare che nessun abbia denunciato la illegalit\u00e0 della sentenza della Corte Costituzionale quando essa tenta di salvar e gli effetti delle elezioni incostituzionali.<\/p>\n<p>Credo che questo sia dovuto ad una pregiudiziale politica, perch\u00e9 chi si rende conto che giuridicamente l&#8217;Italia \u00e8 morta insanabilmente non vuole ammetterlo comprendendo che non rinascer\u00e0 mai pi\u00f9. Ma quando una cosa \u00e8 morta &#8230;&#8230;.<\/p>\n<p>Sinceramente, \u00e8 giusto che l&#8217;Italia unita sparisca e ne resti solo il ricordo di una aggregazione corrotta ed assassina di politici e banchieri criminali. E&#8217; la storia che lo ha deciso, e il regime si \u00e8 pure suicidato giuridicamente. L&#8217;Italia democratica forse non \u00e8 nemmeno mai nata, sicuramente non \u00e8 nata con il referendum del 1946.<\/p>\n<p>Puoi vedere anche un video di spiegazione<\/p>\n<p><span class=\"embed-youtube\" style=\"text-align:center; display: block;\"><iframe loading=\"lazy\" class=\"youtube-player\" width=\"1165\" height=\"656\" src=\"https:\/\/www.youtube.com\/embed\/--OyX_keGFI?version=3&#038;rel=1&#038;showsearch=0&#038;showinfo=1&#038;iv_load_policy=1&#038;fs=1&#038;hl=it-IT&#038;autohide=2&#038;wmode=transparent\" allowfullscreen=\"true\" style=\"border:0;\" sandbox=\"allow-scripts allow-same-origin allow-popups allow-presentation allow-popups-to-escape-sandbox\"><\/iframe><\/span><\/p>\n<p>&nbsp;<\/p>\n","protected":false},"excerpt":{"rendered":"<p>La Corte Costituzionale ha dichiarato incostituzionali le elezioni dal 2006 in poi (sent.n.1\/2014). Poi per\u00f2 ha pensato di &#8220;salvare&#8221; le camere e il &#8220;presidente&#8221; della Repubblica salvaguardando gli effetti di questi atti illegali ed eversivi, non solo per il passato, ma anche per il futuro. E questi NON\u00a0eletti naturalmente hanno pensato di restare incollati alla [&hellip;]<\/p>\n","protected":false},"author":292,"featured_media":0,"comment_status":"open","ping_status":"closed","sticky":false,"template":"","format":"standard","meta":{"advanced_seo_description":"","jetpack_seo_html_title":"","jetpack_seo_noindex":false,"jetpack_post_was_ever_published":false,"_jetpack_newsletter_access":"","_jetpack_dont_email_post_to_subs":false,"_jetpack_newsletter_tier_id":0,"_jetpack_memberships_contains_paywalled_content":false,"_jetpack_memberships_contains_paid_content":false,"footnotes":"","jetpack_publicize_message":"","jetpack_publicize_feature_enabled":true,"jetpack_social_post_already_shared":false,"jetpack_social_options":{"image_generator_settings":{"template":"highway","default_image_id":0,"font":"","enabled":false},"version":2}},"categories":[15,6],"tags":[],"class_list":["post-3841","post","type-post","status-publish","format-standard","hentry","category-giustizia","category-politica","has-post-title","has-post-date","has-post-category","has-post-tag","has-post-comment","has-post-author",""],"jetpack_publicize_connections":[],"jetpack_featured_media_url":"","jetpack-related-posts":[],"jetpack_sharing_enabled":true,"jetpack_likes_enabled":true,"builder_content":"","_links":{"self":[{"href":"https:\/\/palmerini.net\/blog\/wp-json\/wp\/v2\/posts\/3841","targetHints":{"allow":["GET"]}}],"collection":[{"href":"https:\/\/palmerini.net\/blog\/wp-json\/wp\/v2\/posts"}],"about":[{"href":"https:\/\/palmerini.net\/blog\/wp-json\/wp\/v2\/types\/post"}],"author":[{"embeddable":true,"href":"https:\/\/palmerini.net\/blog\/wp-json\/wp\/v2\/users\/292"}],"replies":[{"embeddable":true,"href":"https:\/\/palmerini.net\/blog\/wp-json\/wp\/v2\/comments?post=3841"}],"version-history":[{"count":0,"href":"https:\/\/palmerini.net\/blog\/wp-json\/wp\/v2\/posts\/3841\/revisions"}],"wp:attachment":[{"href":"https:\/\/palmerini.net\/blog\/wp-json\/wp\/v2\/media?parent=3841"}],"wp:term":[{"taxonomy":"category","embeddable":true,"href":"https:\/\/palmerini.net\/blog\/wp-json\/wp\/v2\/categories?post=3841"},{"taxonomy":"post_tag","embeddable":true,"href":"https:\/\/palmerini.net\/blog\/wp-json\/wp\/v2\/tags?post=3841"}],"curies":[{"name":"wp","href":"https:\/\/api.w.org\/{rel}","templated":true}]}}