{"id":35320,"date":"2021-07-31T15:57:33","date_gmt":"2021-07-31T13:57:33","guid":{"rendered":"https:\/\/palmerini.net\/blog\/?p=35320"},"modified":"2021-07-31T16:03:09","modified_gmt":"2021-07-31T14:03:09","slug":"con-lo-strafalcione-su-martin-luther-king-luca-zaia-disvela-lo-spregio-dei-diritti-umani","status":"publish","type":"post","link":"https:\/\/palmerini.net\/blog\/con-lo-strafalcione-su-martin-luther-king-luca-zaia-disvela-lo-spregio-dei-diritti-umani\/","title":{"rendered":"Con lo strafalcione su Martin Luther King, Luca Zaia disvela lo spregio dei diritti umani"},"content":{"rendered":"<!--themify_builder_content-->\n<div id=\"themify_builder_content-35320\" data-postid=\"35320\" class=\"themify_builder_content themify_builder_content-35320 themify_builder tf_clear\">\n                    <div  data-lazy=\"1\" class=\"module_row themify_builder_row tb_nhri558 tb_first tf_w\">\n                        <div class=\"row_inner col_align_top tb_col_count_1 tf_box tf_rel\">\n                        <div  data-lazy=\"1\" class=\"module_column tb-column col-full tb_jb2z559 first\">\n                    <!-- module text -->\n<div  class=\"module module-text tb_gb1s901   \" data-lazy=\"1\">\n        <div  class=\"tb_text_wrap\">\n        <p><img loading=\"lazy\" decoding=\"async\" class=\"alignright size-full wp-image-35321\" src=\"https:\/\/palmerini.net\/blog\/wp-content\/uploads\/2021\/07\/Zaia_maschera_Mazinga.jpg\" alt=\"\" width=\"300\" height=\"332\" srcset=\"https:\/\/palmerini.net\/blog\/wp-content\/uploads\/2021\/07\/Zaia_maschera_Mazinga.jpg 300w, https:\/\/palmerini.net\/blog\/wp-content\/uploads\/2021\/07\/Zaia_maschera_Mazinga-271x300.jpg 271w\" sizes=\"auto, (max-width: 300px) 100vw, 300px\" \/><\/p><p>Secondo<a href=\"https:\/\/www.corriere.it\/politica\/21_luglio_30\/zaia-no-green-pass-quei-leghisti-piazza-mi-rifiuto-pensare-che-sia-nostra-linea-46b61888-f0f7-11eb-9a1b-3cb32826c186.shtml\" target=\"_blank\" rel=\"noopener\"> l&#8217;articolo di <span class=\"author-art is-small has-text-grey-darker\"><span class=\"writer\">Marco Cremonesi<\/span><\/span> del Corriere della Sera la frase<\/a> \u00abLa mia libert\u00e0 finisce dove comincia la tua\u00bb\u00a0 sarebbe stata da Luca Zaia attribuita a Martin Luther King\u00a0 .<\/p><p>A me per\u00f2 \u00e8 sembrata piuttosto una di quelle frasette preconfezionate usate dalle persone che non hanno avuto la fortuna n\u00e9 di frequentare persone umanamente ricche n\u00e9 la fortuna di un po&#8217; di studi umanistici, una frase tipo quelle nei cioccolatini.<\/p><p>Fra me e me, prima di approfondire la fondatezza della citazione, ho pensato che non \u00e8 comunque corretto pensare a noi esseri umani come a delle specie di sfere separate dove i diritti di ciascuno si toccano con quelli degli altri ma allo stesso tempo separati da un netto confine .<\/p><p>Al contrario, mi pare evidente che i diritti di ciascuno per una parte sono intangibili\u00a0 (per esempio il diritto alla vita, ad un giusto processo ecc), ma altri diritti sono evidentemente intersecati e mescolati con quelli degli altri (ad esempio i diritti ambientali, i diritti alla democrazia, i diritti delle minoranze, il diritto all&#8217;impresa) insomma i diritti dell&#8217;individuo sono condizionati anche da quelli degli altri in maniera reciproca, anche riguardo alle generazioni future e a quelle passate, cosa che implica il rispetto della verit\u00e0 storica e della cultura tradizionali dei popoli. Insomma i diritti individuali nella societ\u00e0 sono evidentemente mescolati e non sono sfere.<\/p><p>Il concetto di Zaia mi sembrava troppo basilare per King ed in effetti\u00a0 King ha detto &#8220;<a href=\"https:\/\/www.tp24.it\/2021\/07\/22\/rubriche\/la-liberta-nbsp-finisce-dove-comincia-quella-degli-altri\/166410\" target=\"_blank\" rel=\"noopener\">La mia libert\u00e0 finisce dove comincia la vostra.<\/a>&#8220;. E&#8217; gi\u00e0 diverso dato che parla del rapporto dei diritti della persone e della societ\u00e0, e bisognerebbe calare la frase di King nel suo contesto, anche storico e culturale, per capirne appieno il senso, se per esempio egli mettesse sullo stesso piano l&#8217;individuo e la societ\u00e0.<\/p><p>Ma dato che il senso di King non pu\u00f2 essere\u00a0 il senso che ne ha dato Zaia, mi limiter\u00f2 a discutere quest&#8217;ultimo.<\/p><p>Zaia ha calato nel contesto dell&#8217;attualit\u00e0 delle vaccinazione e dell&#8217;obbligo vaccinale questo concetto dei limiti della libert\u00e0 individuale come un dogma nobile ed invece\u00a0 \u00e8 semplicemente\u00a0 figlio suo e per altro contrario alla legge vigente.<\/p><p>Infatti nel campo della\u00a0 medicina i diritti umani fondamentali (almeno nell&#8217;Europa geografica) sono riconosciuti (non stabiliti, ma riconosciuti) da una meravigliosa convenzione internazionale che si chiama<a href=\"https:\/\/www.enpam.it\/wp-content\/repository\/universaliamultimediale\/CI\/leggi\/ConvenzioneOviedo.pdf\" target=\"_blank\" rel=\"noopener\"> Convenzione di Oviedo, emanata dal Consiglio d&#8217;Europa,\u00a0<\/a> ratificata dallo Stato, che di fatto \u00e8 fonte pari alla Costituzione per i diritti individuali. Anzi, sulla salute la Costituzione Italiana (art.32) fa un generico rinvio ai diritti fondamentali dell&#8217;uomo, senza definirli, e quindi sarebbe deboluccia senza la ratifica della Convenzione di Oviedo.<\/p><p>E&#8217;\u00a0 la Convenzione di Oviedo che impone il &#8220;<strong>Primato dell\u2019essere umano<\/strong>&#8220;, concetto per cui &#8220;<em><strong>L\u2019interesse e il bene dell\u2019essere umano debbono prevalere sul solo interesse della societ\u00e0 o della scienza.<\/strong><\/em>&#8221; .\u00a0 Parafrasando, l&#8217;interesse della societ\u00e0 e della scienza non possono prevalere sull\u2019interesse dell\u2019essere umano, oppure &#8220;La libert\u00e0 della societ\u00e0 finisce dove inizia la libert\u00e0 dell\u2019individuo&#8221;.<\/p><p>E quali sarebbero queste libert\u00e0 ? Stiamo parlando, ripetiamolo, dei diritti umani nel campo della medicina, della salute, ma anche riguardanti gli embrioni, la modifica del DNA, il fine vita ecc.<\/p><p>La Convenzione stabilisce che\u00a0 &#8220;<em><strong>Un intervento nel campo della salute non pu\u00f2 essere effettuato se non dopo che la persona interessata abbia dato consenso libero e informato.<\/strong><\/em>&#8221;\u00a0 Articolo 5, e questa\u00a0 &#8220;Regola generale&#8221; si attua tramite &#8220;<em>.. informazione adeguata sullo scopo e sulla natura dell\u2019intervento e sulle sue conseguenze e i suoi rischi.<\/em>&#8220;.<\/p><p>Purtroppo a chi oggi si vaccina\u00a0 viene sottoposto un foglio da firmare dove di fatto si assume tutti i rischi, e il medico non si accerta che la persona abbia capito, anzi, non gli si da nemmeno il tempo di leggerlo. E&#8217; chiaro che non riceve adeguate informazioni per dare il consenso, \u00e8 un consenso estorto e in quanto tale costituisce reato.<\/p><p>E purtroppo non parliamo delle sole vaccinazioni, il campo della salute va ben oltre, comprende un intervento chirurgico, l&#8217;uso di farmaci, ed \u00e8 salute anche quella mentale e psicologica, \u00e8 salute anche il benessere di un massaggio o un intervento estetico.<\/p><p>La Convenzione di Oviedo \u00e8 ratificata con legge n. 145 del 2001, viene comunemente richiamata anche da sentenze dei tribunali italiani e del Consiglio d&#8217;Europa (anche contro l&#8217;Italia) e viene richiamata perfino nelle ordinanze del Ministero della Salute riguardo gli embrioni, le trasfusioni ecc.<\/p><p>Anche la legge sul fine vita non \u00e8 altro che una attuazione del principio di non obbligatoriet\u00e0 delle cure, ossia di possibilit\u00e0 di rifiutarle, quindi alla luce della Convenzione di Oviedo era ovvio l&#8217;assoluzione degli Englaro (che infatti richiama la Convenzione) e di Cappato.<\/p><p>C&#8217;\u00e8 chi vuole sostenere che essa non si applichi in Italia per un arzigogolato aggiramento della volont\u00e0 del Parlamento, ma la cosa \u00e8 semplicemente infondata e casomai costituirebbe reato di eversione qualora effettivamente compiuto .\u00a0 Sono <a href=\"https:\/\/palmerini.net\/blog\/la-convenzione-di-oviedo-si-applica-nel-territorio-italiano-senza-dubbi\/\" target=\"_blank\" rel=\"noopener\">affermazioni pericolose che ho dimostrato<\/a>\u00a0<a href=\"https:\/\/palmerini.net\/blog\/la-convenzione-di-oviedo-si-applica-nel-territorio-italiano-senza-dubbi\/\" target=\"_blank\" rel=\"noopener\"> infondate nel diritto, <\/a>e per di pi\u00f9 sono in palese contrasto alla stessa che afferma chiaramente che lo Stato\u00a0 &#8220;<strong><em>.. prende nel suo diritto interno le misure necessarie per rendere effettive le disposizioni della presente Convenzione.<\/em><\/strong>&#8220;<\/p><p>Zaia, come chiunque, ha il dovere di rispettare questi diritti umani, anche a parole, non solo perch\u00e9 protetti dagli articoli 2,32 e 10 della Costituzione, ma anche perch\u00e9 le Regioni devono attuare le leggi ratificate dallo Stato.<\/p><p>Invece nelle sue parole nega nella sostanza il diritto umano a dire &#8220;no&#8221; ad un trattamento nel campo della salute, ed ha dichiarato &#8220;<em>Se invochiamo la libert\u00e0 per qualsiasi cosa, perdiamo il minimo senso del bene comune. Oggi riguarda i vaccini, domani qualunque scelta di sanit\u00e0 pubblica.<\/em>&#8221; .<\/p><p>La frase di Zaia si attaglia al concetto a &#8220;sfere&#8221; ma non \u00e8 conforme alla legge perch\u00e9 nega il diritto individuale a non subire forzatamente un trattamento nel campo della salute, vaccini compresi,\u00a0 anche quando la societ\u00e0\u00a0 lo volesse in maggioranza.<\/p><p>Anche<a href=\"https:\/\/palmerini.net\/blog\/scienza-draghi-sui-vaccini-ha-detto-alcune-falsita\/\" target=\"_blank\" rel=\"noopener\"> l&#8217;accusare chi non si vaccina di procurare la morte di altri come ha fatto Draghi, significa negare questi diritti umani, vuol dire essere in violazione della Costituzione<\/a>, per altro senza alcun fondamento scientifico dato che i vaccinati contagiano come i non vaccinati, o forse perfino di pi\u00f9 quando si ammalano per causa del vaccino. Siamo gi\u00e0 innondati da focolai nati fra gente tutta vaccinata e tamponata.<\/p><p>Se non ho capito male la lezione della storia, una delle pi\u00f9 grandi accuse fatte ai Nazisti \u00e8 stata quella di aver condotto esperimenti medici su persone e bambini senza il loro consenso, tanto poi da costituire prova dei crimini condannati a Norimberga.<\/p><p>Purtroppo \u00e8 tempo di aprire gli occhi, stiamo\u00a0 assistendo a vergognose istigazioni a discriminare le persone che non vogliono vaccinarsi, ed \u00e8 come negare l&#8217;esistenza dei diritti umani, non solo di costoro, ma di tutti. Chi nega i diritti umani agli altri, non solo pu\u00f2 essere arrestato, ma potrebbe un domani scoprire di essere responsabile ugualmente di immensi danni economici data dalla nullit\u00e0 del consenso informato estorto.<\/p><p>Ci sono prese di posizione che istigano a compiere reato ai danni di chi esercita il diritto a non farsi introdurre nel proprio corpo questa cura sperimentale che per altro risulta inefficace sulla trasmissione della variante Delta. Perfino alcuni giornalisti istigano l&#8217;odio contro chi non vuole vaccinarsi, fra di essi, paradossalmente, anche alcuni di origine ebraica come il giornalista Parenzo, che per altro rifiuta ogni similitudine non accorgendosi che ha lo stesso atteggiamento di forzatura della iniezione.<\/p><p>E&#8217; drammatica e insopportabile l&#8217;ignoranza manifesta o la violazione premeditata della Convenzione di Oviedo, che \u00e8 legge, da parte delle Istituzioni Italiane centrali e regionali, e da parte dei giornalisti.<\/p><p>Purtroppo abbiamo pi\u00f9 volte sollecitato il rispetto di questa Convezione ancora a partire dalla legge Lorenzin, chiedendo allo Stato il suo rispetto, e chiedendo a Zaia di attuare la mai cancellata legge regionale del Veneto del 2007 che gli impone di non obbligare nessuno ai vaccini.<\/p><p>Zaia dice che deve fare il lavoro che sta facendo. Io dico che non deve pi\u00f9 fare quello che sta facendo\u00a0 perch\u00e9 non ne ha diritto, fin dal principio, la legge non gli riconosce\u00a0 legittimit\u00e0 e richiede l&#8217;attuazione della Convenzione di Oviedo. Comunque e&#8217; evidente che fa pure male.<\/p><p><strong>&#8220;Mala tempora currunt<\/strong>&#8221; , \u00e8 una frese attribuita a <a href=\"https:\/\/www.albanesi.it\/frasi-celebri-modi-dire\/mala-tempora-currunt.htm\" target=\"_blank\" rel=\"noopener\">Marco Tullio Cicerone<\/a>,\u00a0 ho studiato poco latino, ma prima di fingere cultura controllo e cos\u00ec evito di dire frasi da ciocco-latino.<\/p>    <\/div>\n<\/div>\n<!-- \/module text -->        <\/div>\n                        <\/div>\n        <\/div>\n        <\/div>\n<!--\/themify_builder_content-->","protected":false},"excerpt":{"rendered":"<p>Secondo l&#8217;articolo di Marco Cremonesi del Corriere della Sera la frase \u00abLa mia libert\u00e0 finisce dove comincia la tua\u00bb\u00a0 sarebbe stata da Luca Zaia attribuita a Martin Luther King\u00a0 .A me per\u00f2 \u00e8 sembrata piuttosto una di quelle frasette preconfezionate usate dalle persone che non hanno avuto la fortuna n\u00e9 di frequentare persone umanamente ricche [&hellip;]<\/p>\n","protected":false},"author":293,"featured_media":35325,"comment_status":"open","ping_status":"open","sticky":false,"template":"","format":"standard","meta":{"advanced_seo_description":"","jetpack_seo_html_title":"","jetpack_seo_noindex":false,"jetpack_post_was_ever_published":false,"_jetpack_newsletter_access":"","_jetpack_dont_email_post_to_subs":false,"_jetpack_newsletter_tier_id":0,"_jetpack_memberships_contains_paywalled_content":false,"_jetpack_memberships_contains_paid_content":false,"footnotes":"","jetpack_publicize_message":"","jetpack_publicize_feature_enabled":true,"jetpack_social_post_already_shared":true,"jetpack_social_options":{"image_generator_settings":{"template":"highway","default_image_id":0,"font":"","enabled":false},"version":2}},"categories":[10,194,294,187,324,6,14,228],"tags":[],"class_list":["post-35320","post","type-post","status-publish","format-standard","has-post-thumbnail","hentry","category-diritti-umani","category-diritto","category-espianti","category-informazione","category-medicina","category-politica","category-apparizioni","category-vaccinazioni","has-post-title","has-post-date","has-post-category","has-post-tag","has-post-comment","has-post-author",""],"jetpack_publicize_connections":[],"jetpack_featured_media_url":"https:\/\/palmerini.net\/blog\/wp-content\/uploads\/2021\/07\/Zaia_maschera_MazingaL.png","jetpack-related-posts":[],"jetpack_sharing_enabled":true,"jetpack_likes_enabled":true,"builder_content":"<p><img loading=\"lazy\" decoding=\"async\" src=\"https:\/\/palmerini.net\/blog\/wp-content\/uploads\/2021\/07\/Zaia_maschera_Mazinga.jpg\" alt=\"\" width=\"300\" height=\"332\" srcset=\"https:\/\/palmerini.net\/blog\/wp-content\/uploads\/2021\/07\/Zaia_maschera_Mazinga.jpg 300w, https:\/\/palmerini.net\/blog\/wp-content\/uploads\/2021\/07\/Zaia_maschera_Mazinga-271x300.jpg 271w\" sizes=\"auto, (max-width: 300px) 100vw, 300px\" \/><\/p><p>Secondo<a href=\"https:\/\/www.corriere.it\/politica\/21_luglio_30\/zaia-no-green-pass-quei-leghisti-piazza-mi-rifiuto-pensare-che-sia-nostra-linea-46b61888-f0f7-11eb-9a1b-3cb32826c186.shtml\" target=\"_blank\" rel=\"noopener\"> l'articolo di Marco Cremonesi del Corriere della Sera la frase<\/a> \u00abLa mia libert\u00e0 finisce dove comincia la tua\u00bb\u00a0 sarebbe stata da Luca Zaia attribuita a Martin Luther King\u00a0 .<\/p><p>A me per\u00f2 \u00e8 sembrata piuttosto una di quelle frasette preconfezionate usate dalle persone che non hanno avuto la fortuna n\u00e9 di frequentare persone umanamente ricche n\u00e9 la fortuna di un po' di studi umanistici, una frase tipo quelle nei cioccolatini.<\/p><p>Fra me e me, prima di approfondire la fondatezza della citazione, ho pensato che non \u00e8 comunque corretto pensare a noi esseri umani come a delle specie di sfere separate dove i diritti di ciascuno si toccano con quelli degli altri ma allo stesso tempo separati da un netto confine .<\/p><p>Al contrario, mi pare evidente che i diritti di ciascuno per una parte sono intangibili\u00a0 (per esempio il diritto alla vita, ad un giusto processo ecc), ma altri diritti sono evidentemente intersecati e mescolati con quelli degli altri (ad esempio i diritti ambientali, i diritti alla democrazia, i diritti delle minoranze, il diritto all'impresa) insomma i diritti dell'individuo sono condizionati anche da quelli degli altri in maniera reciproca, anche riguardo alle generazioni future e a quelle passate, cosa che implica il rispetto della verit\u00e0 storica e della cultura tradizionali dei popoli. Insomma i diritti individuali nella societ\u00e0 sono evidentemente mescolati e non sono sfere.<\/p><p>Il concetto di Zaia mi sembrava troppo basilare per King ed in effetti\u00a0 King ha detto \"<a href=\"https:\/\/www.tp24.it\/2021\/07\/22\/rubriche\/la-liberta-nbsp-finisce-dove-comincia-quella-degli-altri\/166410\" target=\"_blank\" rel=\"noopener\">La mia libert\u00e0 finisce dove comincia la vostra.<\/a>\". E' gi\u00e0 diverso dato che parla del rapporto dei diritti della persone e della societ\u00e0, e bisognerebbe calare la frase di King nel suo contesto, anche storico e culturale, per capirne appieno il senso, se per esempio egli mettesse sullo stesso piano l'individuo e la societ\u00e0.<\/p><p>Ma dato che il senso di King non pu\u00f2 essere\u00a0 il senso che ne ha dato Zaia, mi limiter\u00f2 a discutere quest'ultimo.<\/p><p>Zaia ha calato nel contesto dell'attualit\u00e0 delle vaccinazione e dell'obbligo vaccinale questo concetto dei limiti della libert\u00e0 individuale come un dogma nobile ed invece\u00a0 \u00e8 semplicemente\u00a0 figlio suo e per altro contrario alla legge vigente.<\/p><p>Infatti nel campo della\u00a0 medicina i diritti umani fondamentali (almeno nell'Europa geografica) sono riconosciuti (non stabiliti, ma riconosciuti) da una meravigliosa convenzione internazionale che si chiama<a href=\"https:\/\/www.enpam.it\/wp-content\/repository\/universaliamultimediale\/CI\/leggi\/ConvenzioneOviedo.pdf\" target=\"_blank\" rel=\"noopener\"> Convenzione di Oviedo, emanata dal Consiglio d'Europa,\u00a0<\/a> ratificata dallo Stato, che di fatto \u00e8 fonte pari alla Costituzione per i diritti individuali. Anzi, sulla salute la Costituzione Italiana (art.32) fa un generico rinvio ai diritti fondamentali dell'uomo, senza definirli, e quindi sarebbe deboluccia senza la ratifica della Convenzione di Oviedo.<\/p><p>E'\u00a0 la Convenzione di Oviedo che impone il \"<strong>Primato dell\u2019essere umano<\/strong>\", concetto per cui \"<em><strong>L\u2019interesse e il bene dell\u2019essere umano debbono prevalere sul solo interesse della societ\u00e0 o della scienza.<\/strong><\/em>\" .\u00a0 Parafrasando, l'interesse della societ\u00e0 e della scienza non possono prevalere sull\u2019interesse dell\u2019essere umano, oppure \"La libert\u00e0 della societ\u00e0 finisce dove inizia la libert\u00e0 dell\u2019individuo\".<\/p><p>E quali sarebbero queste libert\u00e0 ? Stiamo parlando, ripetiamolo, dei diritti umani nel campo della medicina, della salute, ma anche riguardanti gli embrioni, la modifica del DNA, il fine vita ecc.<\/p><p>La Convenzione stabilisce che\u00a0 \"<em><strong>Un intervento nel campo della salute non pu\u00f2 essere effettuato se non dopo che la persona interessata abbia dato consenso libero e informato.<\/strong><\/em>\"\u00a0 Articolo 5, e questa\u00a0 \"Regola generale\" si attua tramite \"<em>.. informazione adeguata sullo scopo e sulla natura dell\u2019intervento e sulle sue conseguenze e i suoi rischi.<\/em>\".<\/p><p>Purtroppo a chi oggi si vaccina\u00a0 viene sottoposto un foglio da firmare dove di fatto si assume tutti i rischi, e il medico non si accerta che la persona abbia capito, anzi, non gli si da nemmeno il tempo di leggerlo. E' chiaro che non riceve adeguate informazioni per dare il consenso, \u00e8 un consenso estorto e in quanto tale costituisce reato.<\/p><p>E purtroppo non parliamo delle sole vaccinazioni, il campo della salute va ben oltre, comprende un intervento chirurgico, l'uso di farmaci, ed \u00e8 salute anche quella mentale e psicologica, \u00e8 salute anche il benessere di un massaggio o un intervento estetico.<\/p><p>La Convenzione di Oviedo \u00e8 ratificata con legge n. 145 del 2001, viene comunemente richiamata anche da sentenze dei tribunali italiani e del Consiglio d'Europa (anche contro l'Italia) e viene richiamata perfino nelle ordinanze del Ministero della Salute riguardo gli embrioni, le trasfusioni ecc.<\/p><p>Anche la legge sul fine vita non \u00e8 altro che una attuazione del principio di non obbligatoriet\u00e0 delle cure, ossia di possibilit\u00e0 di rifiutarle, quindi alla luce della Convenzione di Oviedo era ovvio l'assoluzione degli Englaro (che infatti richiama la Convenzione) e di Cappato.<\/p><p>C'\u00e8 chi vuole sostenere che essa non si applichi in Italia per un arzigogolato aggiramento della volont\u00e0 del Parlamento, ma la cosa \u00e8 semplicemente infondata e casomai costituirebbe reato di eversione qualora effettivamente compiuto .\u00a0 Sono <a href=\"https:\/\/palmerini.net\/blog\/la-convenzione-di-oviedo-si-applica-nel-territorio-italiano-senza-dubbi\/\" target=\"_blank\" rel=\"noopener\">affermazioni pericolose che ho dimostrato<\/a>\u00a0<a href=\"https:\/\/palmerini.net\/blog\/la-convenzione-di-oviedo-si-applica-nel-territorio-italiano-senza-dubbi\/\" target=\"_blank\" rel=\"noopener\"> infondate nel diritto, <\/a>e per di pi\u00f9 sono in palese contrasto alla stessa che afferma chiaramente che lo Stato\u00a0 \"<strong><em>.. prende nel suo diritto interno le misure necessarie per rendere effettive le disposizioni della presente Convenzione.<\/em><\/strong>\"<\/p><p>Zaia, come chiunque, ha il dovere di rispettare questi diritti umani, anche a parole, non solo perch\u00e9 protetti dagli articoli 2,32 e 10 della Costituzione, ma anche perch\u00e9 le Regioni devono attuare le leggi ratificate dallo Stato.<\/p><p>Invece nelle sue parole nega nella sostanza il diritto umano a dire \"no\" ad un trattamento nel campo della salute, ed ha dichiarato \"<em>Se invochiamo la libert\u00e0 per qualsiasi cosa, perdiamo il minimo senso del bene comune. Oggi riguarda i vaccini, domani qualunque scelta di sanit\u00e0 pubblica.<\/em>\" .<\/p><p>La frase di Zaia si attaglia al concetto a \"sfere\" ma non \u00e8 conforme alla legge perch\u00e9 nega il diritto individuale a non subire forzatamente un trattamento nel campo della salute, vaccini compresi,\u00a0 anche quando la societ\u00e0\u00a0 lo volesse in maggioranza.<\/p><p>Anche<a href=\"https:\/\/palmerini.net\/blog\/scienza-draghi-sui-vaccini-ha-detto-alcune-falsita\/\" target=\"_blank\" rel=\"noopener\"> l'accusare chi non si vaccina di procurare la morte di altri come ha fatto Draghi, significa negare questi diritti umani, vuol dire essere in violazione della Costituzione<\/a>, per altro senza alcun fondamento scientifico dato che i vaccinati contagiano come i non vaccinati, o forse perfino di pi\u00f9 quando si ammalano per causa del vaccino. Siamo gi\u00e0 innondati da focolai nati fra gente tutta vaccinata e tamponata.<\/p><p>Se non ho capito male la lezione della storia, una delle pi\u00f9 grandi accuse fatte ai Nazisti \u00e8 stata quella di aver condotto esperimenti medici su persone e bambini senza il loro consenso, tanto poi da costituire prova dei crimini condannati a Norimberga.<\/p><p>Purtroppo \u00e8 tempo di aprire gli occhi, stiamo\u00a0 assistendo a vergognose istigazioni a discriminare le persone che non vogliono vaccinarsi, ed \u00e8 come negare l'esistenza dei diritti umani, non solo di costoro, ma di tutti. Chi nega i diritti umani agli altri, non solo pu\u00f2 essere arrestato, ma potrebbe un domani scoprire di essere responsabile ugualmente di immensi danni economici data dalla nullit\u00e0 del consenso informato estorto.<\/p><p>Ci sono prese di posizione che istigano a compiere reato ai danni di chi esercita il diritto a non farsi introdurre nel proprio corpo questa cura sperimentale che per altro risulta inefficace sulla trasmissione della variante Delta. Perfino alcuni giornalisti istigano l'odio contro chi non vuole vaccinarsi, fra di essi, paradossalmente, anche alcuni di origine ebraica come il giornalista Parenzo, che per altro rifiuta ogni similitudine non accorgendosi che ha lo stesso atteggiamento di forzatura della iniezione.<\/p><p>E' drammatica e insopportabile l'ignoranza manifesta o la violazione premeditata della Convenzione di Oviedo, che \u00e8 legge, da parte delle Istituzioni Italiane centrali e regionali, e da parte dei giornalisti.<\/p><p>Purtroppo abbiamo pi\u00f9 volte sollecitato il rispetto di questa Convezione ancora a partire dalla legge Lorenzin, chiedendo allo Stato il suo rispetto, e chiedendo a Zaia di attuare la mai cancellata legge regionale del Veneto del 2007 che gli impone di non obbligare nessuno ai vaccini.<\/p><p>Zaia dice che deve fare il lavoro che sta facendo. Io dico che non deve pi\u00f9 fare quello che sta facendo\u00a0 perch\u00e9 non ne ha diritto, fin dal principio, la legge non gli riconosce\u00a0 legittimit\u00e0 e richiede l'attuazione della Convenzione di Oviedo. Comunque e' evidente che fa pure male.<\/p><p><strong>\"Mala tempora currunt<\/strong>\" , \u00e8 una frese attribuita a <a href=\"https:\/\/www.albanesi.it\/frasi-celebri-modi-dire\/mala-tempora-currunt.htm\" target=\"_blank\" rel=\"noopener\">Marco Tullio Cicerone<\/a>,\u00a0 ho studiato poco latino, ma prima di fingere cultura controllo e cos\u00ec evito di dire frasi da ciocco-latino.<\/p>","_links":{"self":[{"href":"https:\/\/palmerini.net\/blog\/wp-json\/wp\/v2\/posts\/35320","targetHints":{"allow":["GET"]}}],"collection":[{"href":"https:\/\/palmerini.net\/blog\/wp-json\/wp\/v2\/posts"}],"about":[{"href":"https:\/\/palmerini.net\/blog\/wp-json\/wp\/v2\/types\/post"}],"author":[{"embeddable":true,"href":"https:\/\/palmerini.net\/blog\/wp-json\/wp\/v2\/users\/293"}],"replies":[{"embeddable":true,"href":"https:\/\/palmerini.net\/blog\/wp-json\/wp\/v2\/comments?post=35320"}],"version-history":[{"count":0,"href":"https:\/\/palmerini.net\/blog\/wp-json\/wp\/v2\/posts\/35320\/revisions"}],"wp:featuredmedia":[{"embeddable":true,"href":"https:\/\/palmerini.net\/blog\/wp-json\/wp\/v2\/media\/35325"}],"wp:attachment":[{"href":"https:\/\/palmerini.net\/blog\/wp-json\/wp\/v2\/media?parent=35320"}],"wp:term":[{"taxonomy":"category","embeddable":true,"href":"https:\/\/palmerini.net\/blog\/wp-json\/wp\/v2\/categories?post=35320"},{"taxonomy":"post_tag","embeddable":true,"href":"https:\/\/palmerini.net\/blog\/wp-json\/wp\/v2\/tags?post=35320"}],"curies":[{"name":"wp","href":"https:\/\/api.w.org\/{rel}","templated":true}]}}