{"id":3508,"date":"2014-03-20T04:53:21","date_gmt":"2014-03-20T03:53:21","guid":{"rendered":"http:\/\/www.palmerini.net\/blog\/?p=3508"},"modified":"2014-03-28T14:44:29","modified_gmt":"2014-03-28T13:44:29","slug":"se-il-plebiscito-e-valido-zaia-e-la-giunta-decadono-automaticamente","status":"publish","type":"post","link":"https:\/\/palmerini.net\/blog\/se-il-plebiscito-e-valido-zaia-e-la-giunta-decadono-automaticamente\/","title":{"rendered":"Se il plebiscito del Veneto e&#8217; valido , allora Zaia e la giunta decadono il 21 marzo"},"content":{"rendered":"<p><img loading=\"lazy\" decoding=\"async\" class=\"size-medium wp-image-3512 alignright\" alt=\"Busato Gianluca presidente della nuova repubblica veneta\" src=\"http:\/\/www.palmerini.net\/blog\/wp-content\/uploads\/2014\/03\/busato-new-president-300x300.png\" width=\"300\" height=\"300\" srcset=\"https:\/\/palmerini.net\/blog\/wp-content\/uploads\/2014\/03\/busato-new-president-300x300.png 300w, https:\/\/palmerini.net\/blog\/wp-content\/uploads\/2014\/03\/busato-new-president-200x200.png 200w, https:\/\/palmerini.net\/blog\/wp-content\/uploads\/2014\/03\/busato-new-president-25x25.png 25w, https:\/\/palmerini.net\/blog\/wp-content\/uploads\/2014\/03\/busato-new-president-1024x1024.png 1024w, https:\/\/palmerini.net\/blog\/wp-content\/uploads\/2014\/03\/busato-new-president.png 314w\" sizes=\"auto, (max-width: 300px) 100vw, 300px\" \/>Sono sconcertato da quello che piano piano emerge da questa buffonata chiamata plebiscito. Sulle modalit\u00e0 di voto dir\u00f2 a fine corsa, perch\u00e9 sono una cosa talmente ridicola ed evidente gi\u00e0 a molti che per ora taccio.<\/p>\n<p>Voglio invece commentare a caldo quanto ho letto in un post di Pizzati su Facebook. Pizzati ha riportato la chat testuale che partor\u00ec l&#8217;idea del plebiscito digitale. Sarebbe venuta da questa considerazione &#8220;geniale&#8221; di Gianluca Busato &#8220;El diritto talian no lo contempla Donca no x\u00e8 anticostitusional&#8221; (trad: &#8221; il diritto italiano non lo contempla [il referendum digitale], quindi non \u00e8 incostituzionale&#8221; .<\/p>\n<p>Incredibile, \u00e8 una considerazione che denota totale ignoranza dei<!--more--> meccanismi previsti dalla Costituzione, e su questo \u00e8 stato messo in piedi il tutto. Spiego perch\u00e9 non \u00e8 cos\u00ec.<\/p>\n<p>La Costituzione Italiana all&#8217;art.75 comma 5 dice <!--more-->che &#8220;La legge determina le modalit\u00e0 di attuazione del referendum.&#8221;. Si tratta per\u00f2, \u00e8 vero, del referendum &#8220;statale&#8221; , ed invece quello di &#8220;plebiscito&#8221; sarebbe un referendum &#8220;regionale&#8221;. Anche nel caso di referendum regionale tuttavia la Costituzione disciplina delegando alla regione le modalit\u00e0 di referendum, che sono determinate dallo statuto regionale e dalla legge regionale.<\/p>\n<p>Il caso del veneto, attualmente lo statuto stabilisce che a indirlo dovrebbe essere il Consiglio regionale, che non solo non lo ha fatto, ma non pu\u00f2 nemmeno farlo perch\u00e9 lo statuto regionale artt.27 e 26 lo vieta su materie internazionali ( ho specificato qui http:\/\/www.palmerini.net\/blog\/lo-statuto-del-veneto-vieta-il-referendum-consultivo-sullindipendenza\/ ). Solo questo spiega il motivo per cui il referendum non \u00e8 stato indetto dalla regione , perch\u00e9 lo vieta il nuovo statuto e prendetevela con chi ha proposto il referendum . Lo stesso primo promotore (Morosin) ha detto di recente che anche se impugnabile (cio\u00e8 vietato e illegale) la regione dovrebbe indirlo ugualmente come atto di dimostrazione.<br \/>\nQuindi secondo la legislazione italiana statale e regionale il referendum-plebiscito non ha valore perch\u00e9 non corrisponde alle forme previste che sono le uniche valide. Ossia \u00e8 disciplinato che valgono solo queste forme, con buona pace della geniale mente di Busato.<\/p>\n<p>Per\u00f2, vediamo se c&#8217;\u00e8 un &#8220;bambino&#8221; da salvare. Vediamo se possiamo dargli un valore &#8220;internazionale&#8221; come consultazione di popolo.<\/p>\n<p>Prima faccio presente che quanto ho detto si doveva prendere in considerazione da parte dagli indipendentisti, non come una critica distruttiva, ma come l&#8217;evidenza che se mi si fosse ascoltato prima si sarebbero risparmiati anni, ed enormi fatiche sprecate. E adesso procedo a deludere coloro che hanno seguito Busato nella sua &#8220;geniale&#8221; idea, perch\u00e9 non pu\u00f2 avere valore internazionale.<br \/>\nAmmettiamo di volere salvare a tutti costi il valore &#8220;legale&#8221; di questo &#8220;plebiscito&#8221; , dicendo che \u00e8 un plebiscito internazionale del popolo veneto, cio\u00e8 \u00e8 una cosa fatta in &#8220;autogoverno&#8221; che ha valore indipendente dalla legge italiana, ma si colloca sul piano internazionale.<\/p>\n<p>Purtroppo per prima cosa occorre notare che il plebiscito non \u00e8 stato indetto da un autogoverno legalmente costituito, n\u00e9 da una autorit\u00e0 legittima, e questo invece era necessario, perch\u00e9 tale autogoverno doveva disciplinare prima del voto chi poteva votare, le modalit\u00e0 di candidatura dei &#8220;delegati&#8221;, e pure una commissione di valutazione dei risultati, cio\u00e8 un tribunale per le contestazioni. Tutto questo lavoro era gi\u00e0 pronto, si chiama proprio Autogoverno del Popolo Veneto, e purtroppo ora \u00e8 troppo tardi per sanare il risultato perch\u00e9 si sono convocati (alla carlona) i &#8220;votanti&#8221; sbagliati!<\/p>\n<p>Infatti ad un referendum nazionale di popolo dovevano votare tutti gli aventi diritto in termini di appartenenza nazionale. Ossia, per il diritto internazionale un popolo si identifica per storia, per lingua, per storia giuridica ecc. Ma in questo plebiscito invece si \u00e8 detto che si sono fatti votare solo i residenti del Veneto ( in realt\u00e0 votava chiunque si fosse collegasse al sito!), cio\u00e8 non c&#8217;era alcun controllo serio sui voti e sull&#8217;identit\u00e0 dei votanti. Con 200 euro si possono pagare degli hacker che generano in automatico tutti i voti. Non sappiamo chi ha votato per davvero, se veneti o stranieri, o se i dati di voto siano stati del tutto inventati (cosa che non escludo affatto data la storia di Busato). Di sicuro abbiamo molti voti falsi.<\/p>\n<p>Questi motivi sono gi\u00e0 sufficienti per impedire alla comunit\u00e0 internazionale di riconoscere validit\u00e0 a questa consultazione .<br \/>\nMa c&#8217;\u00e8 un ulteriore grande problema ancor peggiore: hanno sempre fatto parte del &#8220;Veneto&#8221; i territorio annessi nel 1866 come &#8220;veneto&#8221;, e per la maggior parte sono veneti che parlano veneto, e solo nel fino al 1957 sono stati suddivisi in pi\u00f9 regioni amministrative italiane, ma questo non ha valore per il diritto internazionale dei popoli.<\/p>\n<p>I popoli sono come una &#8220;persona&#8221;, non gli si pu\u00f2 tagliare un pezzo perch\u00e9 ci fa comodo, \u00e8 contro il diritto internazionale. E in questo &#8220;plebiscito&#8221; non hanno votato i veneti della terre venete della Venezia Giulia , come per altro quelli che facevano parte del Lombardo-Veneto, stato legittimo oggetto di trattati.<\/p>\n<p>Per altro di sicuro hanno votato al plebiscito moltissimi italiani non veneti, cio\u00e8 che non si ritengono e non fanno parte del &#8220;popolo veneto&#8221;. Questo ha implicazioni perch\u00e9 il diritto internazionale di autogoverno appartiene ai veneti come popolo nazionale, non come residenti di una regione. L&#8217;ho spiegato in tutte le salse e adesso arriveremo alla prova del 9: il plebiscito di Busato verr\u00e0 dichiarato non legale n\u00e9 valido.<\/p>\n<p>E conviene dirlo subito, perch\u00e9 si potrebbe scoprire che i voti non sono a favore dell&#8217;indipendenza, ma contro, perch\u00e9 messi nell&#8217;urna da forze italiane come per altro nel 1866 votarono i soldati italiani e non i veneti.<\/p>\n<p>Dunque questo plebiscito non \u00e8 un voto del popolo veneto, non solo perch\u00e9 non \u00e8 quello che prevedeva la legge regionale per il diritto di referendum dei residenti del veneto, ma non \u00e8 nemmeno il voto di un popolo in senso internazionale secondo le sue caratteristiche legali ed etniche. Busato pu\u00f2 arrogarsi il diritto di dire che i Veneti del Friuli-Venezia Giulia non sono veneti ? E chi \u00e8 Busato ?<br \/>\nD&#8217;altra parte, fingiamo ancora, se ammettiamo un qualunque valore legale a questo plebiscito, ci sarebbero delle conseguenze legali, appunto, immediate.<\/p>\n<p>Infatti Busato rilancer\u00e0 le sue pretese, il quorum per il referendum di indipendenza della regione veneto sarebbe oramai raggiunto, e chi ha votato ha espresso anche molte altre &#8220;volont\u00e0&#8221;, perch\u00e9 per non lasciarsi sfuggire nulla Busato ha &#8220;ordinato&#8221; che contestualmente si votasse anche per uscire dalla NATO, e per uscire dalla UE.Inoltre, cosa ancora pi\u00f9 di rilievo, venivano &#8220;eletti&#8221; 10 rappresentanti di un governo internazionale del Veneto.<\/p>\n<p>Allora se diamo validit\u00e0 legale a questo voto, cio\u00e8 se si assume che il &#8220;popolo veneto&#8221; \u00e8 composto dai residenti della regione, occorre trarre le dovute conseguenze legali, ossia che decadono automaticamente il consiglio regionale e la giunta, perch\u00e9 il popolo veneto \u00e8 rappresentato dal nuovo governo internazionale ai sensi dell&#8217;art.2 dello Statuto regionale e della Legge internazionale sull&#8217;autogoverno che lo stesso stato italiano ha ratificato con L.n.881\/1997, e che lo stesso esce dalla Nato e dalla UE.<\/p>\n<p>Zaia se ne rende conto ? Crede che Busato e gli altri gli lasceranno il posto riconoscendogli la titolariet\u00e0 di qualche cosa?<\/p>\n<p>Questo vale anche per Morosin, Cantarutti, per i sindaci, i prefetti, il presidente della Repubblica Italiana, il Governo italiano , la UE , la Nato ecc ecc. .<\/p>\n<p>In altre parole, se si riconosce validit\u00e0 al &#8220;plebiscito&#8221;, \u00e8 teoricamente possibile l&#8217;annessione alla Russia (per altro Morosin ieri sera ad Antenna 3 ha detto di essere stato contattato).<\/p>\n<p>In poche parole, mi aspetto da coloro che hanno ruoli istituzionali italiani e che riconoscono validit\u00e0 al plebiscito un atto chiaro ed immediato, le dimissioni, da tutti quelli che considerano valido questo voto.<\/p>\n<p>Coerentemente mi aspetter\u00f2 dal presunto nuovo governo un codice penale att a reprimere il doppio-giochismo sovversivo, e dato che la pantomima durer\u00e0 fino alle prossime elezioni, l&#8217;arresto per chiunque si candider\u00e0 alle elezioni italiane , dovr\u00e0 essere trattato da un sovvertitore della nuova Repubblica Veneta.<br \/>\nSto solo delineando le conseguenze legali dal voler riconoscere una qualche legalit\u00e0 a questa buffonata.<\/p>\n<p>Sono sicuro che invece adesso cambier\u00e0 di netto l&#8217;endorsment politico alla faccenda.<\/p>\n<p>Per\u00f2 non sar\u00e0 semplice liquidare la faccenda, la frittata \u00e8 fatta e qualche testa cadr\u00e0.<\/p>\n<p>Perch\u00e9 non ci possono essere 2 presidenti di un popolo. O Zaia (e plebiscito illegale e invalido) o l&#8217;eletto dal Popolo Veneto (immagino Busierato) oppure si deve passare per l&#8217;unica via possibile legalmente: il popolo veneto non \u00e8 fatto dai soli residenti in regione Veneto.<br \/>\nVoglio vedere quale indipendentista mi vorr\u00e0 attaccare per il fatto di essere l&#8217;unico a difendere i diritti del popolo veneto da Bergamo a Trieste.<\/p>\n<p>Il bello \u00e8 che abbiamo gi\u00e0 la sovranit\u00e0 , l&#8217;Italia ha cancellato l&#8217;annessione di tutto il sull&#8217;intero Lombardo-Veneto, e noi non cederemo i nostri fratelli veneti per un piatto di lenticchie delle massonerie o di altri stati.<\/p>\n","protected":false},"excerpt":{"rendered":"<p>Sono sconcertato da quello che piano piano emerge da questa buffonata chiamata plebiscito. Sulle modalit\u00e0 di voto dir\u00f2 a fine corsa, perch\u00e9 sono una cosa talmente ridicola ed evidente gi\u00e0 a molti che per ora taccio. Voglio invece commentare a caldo quanto ho letto in un post di Pizzati su Facebook. Pizzati ha riportato la [&hellip;]<\/p>\n","protected":false},"author":292,"featured_media":0,"comment_status":"open","ping_status":"closed","sticky":false,"template":"","format":"standard","meta":{"advanced_seo_description":"","jetpack_seo_html_title":"","jetpack_seo_noindex":false,"jetpack_post_was_ever_published":false,"_jetpack_newsletter_access":"","_jetpack_dont_email_post_to_subs":false,"_jetpack_newsletter_tier_id":0,"_jetpack_memberships_contains_paywalled_content":false,"_jetpack_memberships_contains_paid_content":false,"footnotes":"","jetpack_publicize_message":"","jetpack_publicize_feature_enabled":true,"jetpack_social_post_already_shared":false,"jetpack_social_options":{"image_generator_settings":{"template":"highway","default_image_id":0,"font":"","enabled":false},"version":2}},"categories":[12,15,6,11],"tags":[],"class_list":["post-3508","post","type-post","status-publish","format-standard","hentry","category-autogoverno-popolo-veneto","category-giustizia","category-politica","category-venetie","has-post-title","has-post-date","has-post-category","has-post-tag","has-post-comment","has-post-author",""],"jetpack_publicize_connections":[],"jetpack_featured_media_url":"","jetpack-related-posts":[],"jetpack_sharing_enabled":true,"jetpack_likes_enabled":true,"builder_content":"","_links":{"self":[{"href":"https:\/\/palmerini.net\/blog\/wp-json\/wp\/v2\/posts\/3508","targetHints":{"allow":["GET"]}}],"collection":[{"href":"https:\/\/palmerini.net\/blog\/wp-json\/wp\/v2\/posts"}],"about":[{"href":"https:\/\/palmerini.net\/blog\/wp-json\/wp\/v2\/types\/post"}],"author":[{"embeddable":true,"href":"https:\/\/palmerini.net\/blog\/wp-json\/wp\/v2\/users\/292"}],"replies":[{"embeddable":true,"href":"https:\/\/palmerini.net\/blog\/wp-json\/wp\/v2\/comments?post=3508"}],"version-history":[{"count":0,"href":"https:\/\/palmerini.net\/blog\/wp-json\/wp\/v2\/posts\/3508\/revisions"}],"wp:attachment":[{"href":"https:\/\/palmerini.net\/blog\/wp-json\/wp\/v2\/media?parent=3508"}],"wp:term":[{"taxonomy":"category","embeddable":true,"href":"https:\/\/palmerini.net\/blog\/wp-json\/wp\/v2\/categories?post=3508"},{"taxonomy":"post_tag","embeddable":true,"href":"https:\/\/palmerini.net\/blog\/wp-json\/wp\/v2\/tags?post=3508"}],"curies":[{"name":"wp","href":"https:\/\/api.w.org\/{rel}","templated":true}]}}