{"id":34704,"date":"2021-05-22T12:08:45","date_gmt":"2021-05-22T10:08:45","guid":{"rendered":"https:\/\/palmerini.net\/blog\/?p=34704"},"modified":"2022-04-14T18:41:43","modified_gmt":"2022-04-14T16:41:43","slug":"green-pass-inutile-e-mascherina-in-piazza","status":"publish","type":"post","link":"https:\/\/palmerini.net\/blog\/green-pass-inutile-e-mascherina-in-piazza\/","title":{"rendered":"Nel regolamento delle Regioni il &#8220;green pass&#8221; \u00e8 inutile. Ed \u00e8 obbligatoria la mascherina quando in piazza si \u00e8 distanziati?"},"content":{"rendered":"<!--themify_builder_content-->\n<div id=\"themify_builder_content-34704\" data-postid=\"34704\" class=\"themify_builder_content themify_builder_content-34704 themify_builder tf_clear\">\n                    <div  data-lazy=\"1\" class=\"module_row themify_builder_row tb_iqdw109 tb_first tf_w\">\n                        <div class=\"row_inner col_align_top tb_col_count_1 tf_box tf_rel\">\n                        <div  data-lazy=\"1\" class=\"module_column tb-column col-full tb_h13y110 first\">\n                    <!-- module text -->\n<div  class=\"module module-text tb_gh6297   \" data-lazy=\"1\">\n        <div  class=\"tb_text_wrap\">\n        <p><img loading=\"lazy\" decoding=\"async\" class=\"alignright size-full wp-image-34705\" src=\"https:\/\/palmerini.net\/blog\/wp-content\/uploads\/2021\/05\/no-green-pass.png\" alt=\"\" width=\"310\" height=\"89\" srcset=\"https:\/\/palmerini.net\/blog\/wp-content\/uploads\/2021\/05\/no-green-pass.png 310w, https:\/\/palmerini.net\/blog\/wp-content\/uploads\/2021\/05\/no-green-pass-300x86.png 300w, https:\/\/palmerini.net\/blog\/wp-content\/uploads\/2021\/05\/no-green-pass-1160x333.png 1160w, https:\/\/palmerini.net\/blog\/wp-content\/uploads\/2021\/05\/no-green-pass-1024x293.png 1024w\" sizes=\"auto, (max-width: 310px) 100vw, 310px\" \/>Leggo dalle Linee <a href=\"http:\/\/www.regioni.it\/download\/news\/637006\/\" target=\"_blank\" rel=\"noopener\">guida per la ripresa delle attivit\u00e0 economiche e sociali delle regioni riguardanti il &#8220;coronavirus SARS-CoV-2&#8221; datate Roma, 20 maggio 2021<\/a> a pagina 2.<\/p>\n<blockquote>\n<p><em>7. [..] in considerazione delle indicazioni scientifiche internazionali che non escludono la possibilit\u00e0\u00a0 che il soggetto vaccinato possa contagiarsi, pur senza sviluppare la malattia, e diffondere il contagio, si ritiene che allo stato attuale il possesso e la presentazione di certificazioni vaccinali non sostituisca il rispetto delle misure di prevenzione e contrasto della diffusione del contagio quali ad esempio il distanziamento interpersonale, l&#8217;utilizzo della mascherina, l&#8217;igienizzazione della mani e delle superfici.<\/em><\/p>\n<\/blockquote>\n<p>In pratica, si ammette che i vaccinati possono ammalarsi pure loro, anche in maniera asintomatica (ma nel Regno Unito il 70% dei ricoverati sono vaccinati), e possono essere contagiosi, per cui devono mantenere le stesse misure di sicurezza (mascherine, distanziamento ecc) dei non vaccinati. Il cartellino di vaccinato &#8220;Green Pass&#8221; quindi a cosa serve ?<br \/>Sopratutto, non pensi il vaccinato di fare un bene collettivo a vaccinarsi, anzi, l&#8217;essere un possibile malato asintomatico lo rende pi\u00f9 pericoloso per la falsa convinzione molto diffusa che essere vaccinato significhi essere\u00a0 immuni e meno contagiosi.<\/p>\n<p>Generalmente, nelle aree all&#8217;aperto di Alberghi, Strutture turistico-ricettive, ristoranti ecc all&#8217;aria aperta NON E&#8217; obbligatorio per i clienti usare la mascherina quando si possa mantenere 1 metro di distanza, specie se seduti al tavolo, ma come al solito ci sono delle assurdit\u00e0\u00a0 ad esempio :<br \/>&#8211; in bar, ristoranti, alberghi ed altro si pu\u00f2 stare seduti all&#8217;aperto senza mascherina mantenendo un metro di distanza con chi \u00e8 di altro nucleo familiare, ma non nei cinema e nei teatri all&#8217;aperto dove la mascherina va sempre indossata<br \/>&#8211; si pu\u00f2 pranzare senza mascherina all&#8217;aperto distanziati in spiagge, campagne, colline e montagne, ma non sopra i 3000 metri (tira troppo vento rispetto alle spiagge?)<br \/>&#8211; nei cinema e nei teatri al chiuso si pu\u00f2 stare seduti con opportuno distanziamento e mascherina, e si possono ridurre le distanze con pannelli separatori, purch\u00e8 si tengano aperte le finestre (come se funzionasse meglio una finestra di un sistema ingegnerizzato di areazione!) ma la stessa cosa non \u00e8 possibile in ristoranti e bar nemmeno indossando la mascherina, se non quando il tempo \u00e8 proprio pessimo, allora si pu\u00f2.<br \/>&#8211; per qualche ragione nella pratica della danza &#8220;le principali misure di prevenzione del contagio (distanziamento, l&#8217;igiene delle mani e delle superfici e la prevenzione della dispersione di droplet tramite l&#8217;utilizzo di mascherine e visiere) sono di difficile attuazione&#8221; , meglio dedicarsi ad altro<br \/>&#8211; la mascherina \u00e8 obbligatoria anche in parchi e zone attrezzate con giochi per bambini, anche quelle pubbliche, e i Comuni devono &#8220;Garantire una approfondita pulizia delle aree e delle attrezzature, preferibilmente giornaliera o con una frequenza adeguata rispetto all&#8217;intensit\u00e0\u00a0 di utilizzo; qualora non sia possibile una adeguata pulizia delle attrezzature, non ne potr\u00e0\u00a0 essere consentito l&#8217;utilizzo&#8221;<br \/>&#8211; tutte le attivit\u00e0 , comprese spiagge, circoli, ostelli ecc devono &#8220;Mantenere un registro delle presenze giornaliere da conservare per una durata di 14 giorni&#8221;, ma non vi sono obbligati i parchi tematici e i ristoranti per chi non prenota.<\/p>\n<p>Per altro mi sembra che nell&#8217;espressione &#8220;barriere fisiche, anche mobili, adeguate a prevenire il contagio tramite droplet&#8221; possano essere ricomprese a pieno titolo le visiere trasparenti indossabili che adeguatamente avvolgano la bocca, rendendo quindi possibile di fatto tornare a fare pienamente concerti e spettacoli seppure con qualche aerazione in pi\u00f9.<\/p>\n<p>Non ho trovato in questo documento alcun obbligo di indossare la mascherina quando si cammina soli o con la famiglia in piazze e strade, ossia quando si sia distanziati di almeno un metro.<\/p>\n<p>Insomma non mancano le solite contraddizioni logiche e scientifiche che mostrano la natura politica e di &#8220;grande ristrutturazione&#8221; che ha questa pandemia.<\/p>    <\/div>\n<\/div>\n<!-- \/module text -->        <\/div>\n                        <\/div>\n        <\/div>\n        <\/div>\n<!--\/themify_builder_content-->","protected":false},"excerpt":{"rendered":"<p>Leggo dalle Linee guida per la ripresa delle attivit\u00e0 economiche e sociali delle regioni riguardanti il &#8220;coronavirus SARS-CoV-2&#8221; datate Roma, 20 maggio 2021 a pagina 2. 7. [..] in considerazione delle indicazioni scientifiche internazionali che non escludono la possibilit\u00e0\u00a0 che il soggetto vaccinato possa contagiarsi, pur senza sviluppare la malattia, e diffondere il contagio, si [&hellip;]<\/p>\n","protected":false},"author":293,"featured_media":34705,"comment_status":"open","ping_status":"open","sticky":false,"template":"","format":"standard","meta":{"advanced_seo_description":"","jetpack_seo_html_title":"","jetpack_seo_noindex":false,"jetpack_post_was_ever_published":false,"_jetpack_newsletter_access":"","_jetpack_dont_email_post_to_subs":false,"_jetpack_newsletter_tier_id":0,"_jetpack_memberships_contains_paywalled_content":false,"_jetpack_memberships_contains_paid_content":false,"footnotes":"","jetpack_publicize_message":"","jetpack_publicize_feature_enabled":true,"jetpack_social_post_already_shared":true,"jetpack_social_options":{"image_generator_settings":{"template":"highway","default_image_id":0,"font":"","enabled":false},"version":2}},"categories":[187,100,228],"tags":[],"class_list":["post-34704","post","type-post","status-publish","format-standard","has-post-thumbnail","hentry","category-informazione","category-salute","category-vaccinazioni","has-post-title","has-post-date","has-post-category","has-post-tag","has-post-comment","has-post-author",""],"jetpack_publicize_connections":[],"jetpack_featured_media_url":"https:\/\/palmerini.net\/blog\/wp-content\/uploads\/2021\/05\/no-green-pass.png","jetpack-related-posts":[],"jetpack_sharing_enabled":true,"jetpack_likes_enabled":true,"builder_content":"<p><img loading=\"lazy\" decoding=\"async\" src=\"https:\/\/palmerini.net\/blog\/wp-content\/uploads\/2021\/05\/no-green-pass.png\" alt=\"\" width=\"310\" height=\"89\" srcset=\"https:\/\/palmerini.net\/blog\/wp-content\/uploads\/2021\/05\/no-green-pass.png 310w, https:\/\/palmerini.net\/blog\/wp-content\/uploads\/2021\/05\/no-green-pass-300x86.png 300w, https:\/\/palmerini.net\/blog\/wp-content\/uploads\/2021\/05\/no-green-pass-1160x333.png 1160w, https:\/\/palmerini.net\/blog\/wp-content\/uploads\/2021\/05\/no-green-pass-1024x293.png 1024w\" sizes=\"auto, (max-width: 310px) 100vw, 310px\" \/>Leggo dalle Linee <a href=\"http:\/\/www.regioni.it\/download\/news\/637006\/\" target=\"_blank\" rel=\"noopener\">guida per la ripresa delle attivit\u00e0 economiche e sociali delle regioni riguardanti il \"coronavirus SARS-CoV-2\" datate Roma, 20 maggio 2021<\/a> a pagina 2.<\/p> <blockquote> <p><em>7. [..] in considerazione delle indicazioni scientifiche internazionali che non escludono la possibilit\u00e0\u00a0 che il soggetto vaccinato possa contagiarsi, pur senza sviluppare la malattia, e diffondere il contagio, si ritiene che allo stato attuale il possesso e la presentazione di certificazioni vaccinali non sostituisca il rispetto delle misure di prevenzione e contrasto della diffusione del contagio quali ad esempio il distanziamento interpersonale, l'utilizzo della mascherina, l'igienizzazione della mani e delle superfici.<\/em><\/p> <\/blockquote> <p>In pratica, si ammette che i vaccinati possono ammalarsi pure loro, anche in maniera asintomatica (ma nel Regno Unito il 70% dei ricoverati sono vaccinati), e possono essere contagiosi, per cui devono mantenere le stesse misure di sicurezza (mascherine, distanziamento ecc) dei non vaccinati. Il cartellino di vaccinato \"Green Pass\" quindi a cosa serve ?<br \/>Sopratutto, non pensi il vaccinato di fare un bene collettivo a vaccinarsi, anzi, l'essere un possibile malato asintomatico lo rende pi\u00f9 pericoloso per la falsa convinzione molto diffusa che essere vaccinato significhi essere\u00a0 immuni e meno contagiosi.<\/p> <p>Generalmente, nelle aree all'aperto di Alberghi, Strutture turistico-ricettive, ristoranti ecc all'aria aperta NON E' obbligatorio per i clienti usare la mascherina quando si possa mantenere 1 metro di distanza, specie se seduti al tavolo, ma come al solito ci sono delle assurdit\u00e0\u00a0 ad esempio :<br \/>- in bar, ristoranti, alberghi ed altro si pu\u00f2 stare seduti all'aperto senza mascherina mantenendo un metro di distanza con chi \u00e8 di altro nucleo familiare, ma non nei cinema e nei teatri all'aperto dove la mascherina va sempre indossata<br \/>- si pu\u00f2 pranzare senza mascherina all'aperto distanziati in spiagge, campagne, colline e montagne, ma non sopra i 3000 metri (tira troppo vento rispetto alle spiagge?)<br \/>- nei cinema e nei teatri al chiuso si pu\u00f2 stare seduti con opportuno distanziamento e mascherina, e si possono ridurre le distanze con pannelli separatori, purch\u00e8 si tengano aperte le finestre (come se funzionasse meglio una finestra di un sistema ingegnerizzato di areazione!) ma la stessa cosa non \u00e8 possibile in ristoranti e bar nemmeno indossando la mascherina, se non quando il tempo \u00e8 proprio pessimo, allora si pu\u00f2.<br \/>- per qualche ragione nella pratica della danza \"le principali misure di prevenzione del contagio (distanziamento, l'igiene delle mani e delle superfici e la prevenzione della dispersione di droplet tramite l'utilizzo di mascherine e visiere) sono di difficile attuazione\" , meglio dedicarsi ad altro<br \/>- la mascherina \u00e8 obbligatoria anche in parchi e zone attrezzate con giochi per bambini, anche quelle pubbliche, e i Comuni devono \"Garantire una approfondita pulizia delle aree e delle attrezzature, preferibilmente giornaliera o con una frequenza adeguata rispetto all'intensit\u00e0\u00a0 di utilizzo; qualora non sia possibile una adeguata pulizia delle attrezzature, non ne potr\u00e0\u00a0 essere consentito l'utilizzo\"<br \/>- tutte le attivit\u00e0 , comprese spiagge, circoli, ostelli ecc devono \"Mantenere un registro delle presenze giornaliere da conservare per una durata di 14 giorni\", ma non vi sono obbligati i parchi tematici e i ristoranti per chi non prenota.<\/p> <p>Per altro mi sembra che nell'espressione \"barriere fisiche, anche mobili, adeguate a prevenire il contagio tramite droplet\" possano essere ricomprese a pieno titolo le visiere trasparenti indossabili che adeguatamente avvolgano la bocca, rendendo quindi possibile di fatto tornare a fare pienamente concerti e spettacoli seppure con qualche aerazione in pi\u00f9.<\/p> <p>Non ho trovato in questo documento alcun obbligo di indossare la mascherina quando si cammina soli o con la famiglia in piazze e strade, ossia quando si sia distanziati di almeno un metro.<\/p> <p>Insomma non mancano le solite contraddizioni logiche e scientifiche che mostrano la natura politica e di \"grande ristrutturazione\" che ha questa pandemia.<\/p>","_links":{"self":[{"href":"https:\/\/palmerini.net\/blog\/wp-json\/wp\/v2\/posts\/34704","targetHints":{"allow":["GET"]}}],"collection":[{"href":"https:\/\/palmerini.net\/blog\/wp-json\/wp\/v2\/posts"}],"about":[{"href":"https:\/\/palmerini.net\/blog\/wp-json\/wp\/v2\/types\/post"}],"author":[{"embeddable":true,"href":"https:\/\/palmerini.net\/blog\/wp-json\/wp\/v2\/users\/293"}],"replies":[{"embeddable":true,"href":"https:\/\/palmerini.net\/blog\/wp-json\/wp\/v2\/comments?post=34704"}],"version-history":[{"count":0,"href":"https:\/\/palmerini.net\/blog\/wp-json\/wp\/v2\/posts\/34704\/revisions"}],"wp:featuredmedia":[{"embeddable":true,"href":"https:\/\/palmerini.net\/blog\/wp-json\/wp\/v2\/media\/34705"}],"wp:attachment":[{"href":"https:\/\/palmerini.net\/blog\/wp-json\/wp\/v2\/media?parent=34704"}],"wp:term":[{"taxonomy":"category","embeddable":true,"href":"https:\/\/palmerini.net\/blog\/wp-json\/wp\/v2\/categories?post=34704"},{"taxonomy":"post_tag","embeddable":true,"href":"https:\/\/palmerini.net\/blog\/wp-json\/wp\/v2\/tags?post=34704"}],"curies":[{"name":"wp","href":"https:\/\/api.w.org\/{rel}","templated":true}]}}