{"id":318,"date":"2009-02-10T22:02:03","date_gmt":"2009-02-10T21:02:03","guid":{"rendered":"http:\/\/www.palmerini.net\/blog\/?p=318"},"modified":"2024-02-10T12:10:09","modified_gmt":"2024-02-10T11:10:09","slug":"sulle-foibe-un-documento-scioccante-che-svela-segreti-di-stato-inconfessabili","status":"publish","type":"post","link":"https:\/\/palmerini.net\/blog\/sulle-foibe-un-documento-scioccante-che-svela-segreti-di-stato-inconfessabili\/","title":{"rendered":"Sulle foibe un documento scioccante che svela segreti di Stato inconfessabili"},"content":{"rendered":"<!--themify_builder_content-->\n<div id=\"themify_builder_content-318\" data-postid=\"318\" class=\"themify_builder_content themify_builder_content-318 themify_builder tf_clear\">\n                    <div  data-lazy=\"1\" class=\"module_row themify_builder_row tb_numu500 tb_first tf_w\">\n                        <div class=\"row_inner col_align_top tb_col_count_1 tf_box tf_rel\">\n                        <div  data-lazy=\"1\" class=\"module_column tb-column col-full tb_bbpf501 first\">\n                    <!-- module text -->\n<div  class=\"module module-text tb_msxj174   \" data-lazy=\"1\">\n        <div  class=\"tb_text_wrap\">\n        <p>Nel 2007 ho pubblicato<a href=\"https:\/\/www.amazon.it\/Repubblica-mai-nata-Loris-Palmerini\/dp\/1291197575\" target=\"_blank\" rel=\"noopener\"> il libro &#8220;La repubblica mai nata&#8221;<\/a> . In esso dimostravo che\u00a0 nel referendum del 1946 non si fecero votare Istriani, Dalmati e LA MAGGIOR PARTE dei molti aventi diritto delle Venetie. Se tutti gli aventi diritto avessero votato, il risultato sarebbe probabilmente stato ribaltato. Quello che \u00e8 certo \u00e8 che la repubblica Italiana nasce illegalmente dalla negazione del voto di troppi, ben pi\u00f9 dello scarto di voti vicenti, e per la prima volta si \u00e8 messa fine alla questione dei brogli del 1946 in realt\u00e0 mai risolta .<\/p>\n<p>Accertato il mancato voto di Istriani e Dalmati che rende legalmente nullo il referendum\u00a0 e illegittima la repubblica italiana stessa mi sono per\u00f2 imbattuto sul problema del perch\u00e9\u00a0 Istriani e Dalmati non furono fatti votare nel 1946 , mai chiarita prima, e ho cos\u00ec portato alla luce anche una storia delle Foibe ben diversa da quella ufficiale, fatta di scoperte recenti .<\/p>\n<p>Il fatto \u00e8 che si stanno aprendo gli archivi internazionali finora chiusi, e da loro emerge prepotente una storia ben diversa da quella raccontata dagli Stati, e cio\u00e9 che le Foibe sono state un GENOCIDIO voluto da Italiani e Jugoslavi a danno del popolo veneto, che ancora oggi continua nella forma di oblio culturale e negazione delle libert\u00e0 politiche che portano alla servit\u00f9 economica. Un Genocidio che ha 210 anni , e perpretato da tutti i contendenti sul territorio, compresi gli Austriaci ed i Francesi.<\/p>\n<p>Ora anche un altro autore, Marco Pirina, dice sostanzialmente le stesse cose, ma egli ha ben pi\u00f9 approfonditamente di me studiato la questione e pubblicato nel 2008 un libro ricco di documenti frutto di 20 anni di lavoro, che raccontano drammaticamente le stesse cose. La storia della Repubblica Italiana ne esce massacrata e infranta, fino alla\u00a0 sconvolgente prova che la\u00a0 Repubblica Italiana ha pagato gli Jugoslavi per TENERE PRIGIONIERI I VENETI FINO AGLI ANNI &#8217;60 !!!<\/p>\n<p>Colpevoli di questo genocidio furono i maggiori PADRI DELLA &#8220;PATRIA&#8221; Italiana, da De Gasperi a Togliatti, da Pertini a Valiani .<\/p>\n<p>In pochi minuti nella intervista che allego Pirina dice una quantit\u00e0 di cose dense di riferimenti che sono TERRIFICANTI per chi ha studiato la vicenda. Illudersi di censurare per sempre queste cose come ancora\u00a0 fa Napolitano \u00e8 veramente da stupidi.<\/p>\n<p>Tutto questo sta disintegrando il sentimento di appartenenza italiana dei veneti, che \u00e8 sempre stata una bugia, ed \u00e8 un elemento di ri-definizione della unit\u00e0 nazionale veneta che devaster\u00e0 la storia europea.<\/p>\n<p>Nel resto del mio sito troverete altri\u00a0 elementi che gi\u00e0 da tempo raccontano la stessa vicenda,\u00a0 compresa la storia del Partigiano Vanni e della Brigata Garibaldi, i quali, anzich\u00e9 fare la liberazione, tentarono un colpo di stato per fare la Repubblica Socialista Slovena fino al Gard, perch\u00e9, affermarono, non erano italiani ma sloveni .<\/p>\n<p>\n<span class=\"embed-youtube\" style=\"text-align:center; display: block;\"><iframe loading=\"lazy\" class=\"youtube-player\" width=\"1165\" height=\"656\" src=\"https:\/\/www.youtube.com\/embed\/lpWhDMLDYt8?version=3&#038;rel=1&#038;showsearch=0&#038;showinfo=1&#038;iv_load_policy=1&#038;fs=1&#038;hl=it-IT&#038;autohide=2&#038;wmode=transparent\" allowfullscreen=\"true\" style=\"border:0;\" sandbox=\"allow-scripts allow-same-origin allow-popups allow-presentation allow-popups-to-escape-sandbox\"><\/iframe><\/span>\n<\/p>\n<p><a href=\"http:\/\/www.palmerini.net\/blog\/?p=154\" target=\"_blank\" rel=\"noopener\">Sui campi di concentramento Italiani con documentari di History Channel sulla pulizia etnica operata dai Fascisti<\/a><br \/><a href=\"http:\/\/www.palmerini.net\/blog\/\/?p=308\" rel=\"bookmark\"> Gi\u00e0 dal \u201833 i comunisti italiani d\u2019accordo con quelli jugoslavi per annettere alla Jugoslavia tutta l\u2019Istria e la Dalmazia. <\/a><br \/><a href=\"http:\/\/www.palmerini.net\/blog\/wp-admin\/10%20febbraio%20-%20giornata%20del%20ricordo%20del%20genocidio%20Giuliano%20e%20Dalmato\" target=\"_blank\" rel=\"noopener\">10 febbraio &#8211; giornata del ricordo del genocidio Giuliano e Dalmato<\/a><\/p>\n<p><a href=\"http:\/\/www.palmerini.net\/blog\/\/?p=43\" target=\"_blank\" rel=\"noopener\">Le prove che il Referendum del 1946 \u00e8 nullo<\/a><\/p>\n<p><a href=\"http:\/\/www.palmerini.net\/blog\/\/?p=88\" target=\"_blank\" rel=\"noopener\">Volevano la Repubblica Jugoslava nel Nord Italia, ovvero la balla della liberazione<\/a><\/p>\n<p><a href=\"http:\/\/www.palmerini.net\/blog\/\/?p=49\" target=\"_blank\" rel=\"noopener\">Il Comunismo condannato per crimini contro l\u2019umanit\u00e0<\/a><br \/><a href=\"http:\/\/www.palmerini.net\/blog\/?s=foibe\" target=\"_blank\" rel=\"noopener\">Altri articoli sulle foibe e sul genocidio degli Istro-Veneti<\/a><\/p>    <\/div>\n<\/div>\n<!-- \/module text -->        <\/div>\n                        <\/div>\n        <\/div>\n        <\/div>\n<!--\/themify_builder_content-->","protected":false},"excerpt":{"rendered":"<p>Nel 2007 ho pubblicato il libro &#8220;La repubblica mai nata&#8221; . In esso dimostravo che\u00a0 nel referendum del 1946 non si fecero votare Istriani, Dalmati e LA MAGGIOR PARTE dei molti aventi diritto delle Venetie. Se tutti gli aventi diritto avessero votato, il risultato sarebbe probabilmente stato ribaltato. Quello che \u00e8 certo \u00e8 che la [&hellip;]<\/p>\n","protected":false},"author":292,"featured_media":163,"comment_status":"open","ping_status":"closed","sticky":true,"template":"","format":"standard","meta":{"advanced_seo_description":"","jetpack_seo_html_title":"","jetpack_seo_noindex":false,"jetpack_post_was_ever_published":false,"_jetpack_newsletter_access":"","_jetpack_dont_email_post_to_subs":false,"_jetpack_newsletter_tier_id":0,"_jetpack_memberships_contains_paywalled_content":false,"_jetpack_memberships_contains_paid_content":false,"footnotes":"","jetpack_publicize_message":"","jetpack_publicize_feature_enabled":true,"jetpack_social_post_already_shared":false,"jetpack_social_options":{"image_generator_settings":{"template":"highway","default_image_id":0,"font":"","enabled":false},"version":2}},"categories":[12,10,288,4,11],"tags":[53,56,51,58,52,54,57,55,59],"class_list":["post-318","post","type-post","status-publish","format-standard","has-post-thumbnail","hentry","category-autogoverno-popolo-veneto","category-diritti-umani","category-internazionale","category-scienza","category-venetie","tag-dalmatia","tag-documenti","tag-foibe","tag-genocidio","tag-istria","tag-marco-pirina","tag-repubblica","tag-tele-nord-est","tag-veneto","has-post-title","has-post-date","has-post-category","has-post-tag","has-post-comment","has-post-author",""],"jetpack_publicize_connections":[],"jetpack_featured_media_url":"https:\/\/palmerini.net\/blog\/wp-content\/uploads\/2008\/02\/foibe.jpg","jetpack-related-posts":[],"jetpack_sharing_enabled":true,"jetpack_likes_enabled":true,"builder_content":"<p>Nel 2007 ho pubblicato<a href=\"https:\/\/www.amazon.it\/Repubblica-mai-nata-Loris-Palmerini\/dp\/1291197575\" target=\"_blank\" rel=\"noopener\"> il libro \"La repubblica mai nata\"<\/a> . In esso dimostravo che\u00a0 nel referendum del 1946 non si fecero votare Istriani, Dalmati e LA MAGGIOR PARTE dei molti aventi diritto delle Venetie. Se tutti gli aventi diritto avessero votato, il risultato sarebbe probabilmente stato ribaltato. Quello che \u00e8 certo \u00e8 che la repubblica Italiana nasce illegalmente dalla negazione del voto di troppi, ben pi\u00f9 dello scarto di voti vicenti, e per la prima volta si \u00e8 messa fine alla questione dei brogli del 1946 in realt\u00e0 mai risolta .<\/p> <p>Accertato il mancato voto di Istriani e Dalmati che rende legalmente nullo il referendum\u00a0 e illegittima la repubblica italiana stessa mi sono per\u00f2 imbattuto sul problema del perch\u00e9\u00a0 Istriani e Dalmati non furono fatti votare nel 1946 , mai chiarita prima, e ho cos\u00ec portato alla luce anche una storia delle Foibe ben diversa da quella ufficiale, fatta di scoperte recenti .<\/p> <p>Il fatto \u00e8 che si stanno aprendo gli archivi internazionali finora chiusi, e da loro emerge prepotente una storia ben diversa da quella raccontata dagli Stati, e cio\u00e9 che le Foibe sono state un GENOCIDIO voluto da Italiani e Jugoslavi a danno del popolo veneto, che ancora oggi continua nella forma di oblio culturale e negazione delle libert\u00e0 politiche che portano alla servit\u00f9 economica. Un Genocidio che ha 210 anni , e perpretato da tutti i contendenti sul territorio, compresi gli Austriaci ed i Francesi.<\/p> <p>Ora anche un altro autore, Marco Pirina, dice sostanzialmente le stesse cose, ma egli ha ben pi\u00f9 approfonditamente di me studiato la questione e pubblicato nel 2008 un libro ricco di documenti frutto di 20 anni di lavoro, che raccontano drammaticamente le stesse cose. La storia della Repubblica Italiana ne esce massacrata e infranta, fino alla\u00a0 sconvolgente prova che la\u00a0 Repubblica Italiana ha pagato gli Jugoslavi per TENERE PRIGIONIERI I VENETI FINO AGLI ANNI '60 !!!<\/p> <p>Colpevoli di questo genocidio furono i maggiori PADRI DELLA \"PATRIA\" Italiana, da De Gasperi a Togliatti, da Pertini a Valiani .<\/p> <p>In pochi minuti nella intervista che allego Pirina dice una quantit\u00e0 di cose dense di riferimenti che sono TERRIFICANTI per chi ha studiato la vicenda. Illudersi di censurare per sempre queste cose come ancora\u00a0 fa Napolitano \u00e8 veramente da stupidi.<\/p> <p>Tutto questo sta disintegrando il sentimento di appartenenza italiana dei veneti, che \u00e8 sempre stata una bugia, ed \u00e8 un elemento di ri-definizione della unit\u00e0 nazionale veneta che devaster\u00e0 la storia europea.<\/p> <p>Nel resto del mio sito troverete altri\u00a0 elementi che gi\u00e0 da tempo raccontano la stessa vicenda,\u00a0 compresa la storia del Partigiano Vanni e della Brigata Garibaldi, i quali, anzich\u00e9 fare la liberazione, tentarono un colpo di stato per fare la Repubblica Socialista Slovena fino al Gard, perch\u00e9, affermarono, non erano italiani ma sloveni .<\/p> <p>https:\/\/www.youtube.com\/watch?v=lpWhDMLDYt8<\/p> <p><a href=\"http:\/\/www.palmerini.net\/blog\/?p=154\" target=\"_blank\" rel=\"noopener\">Sui campi di concentramento Italiani con documentari di History Channel sulla pulizia etnica operata dai Fascisti<\/a><br \/><a href=\"http:\/\/www.palmerini.net\/blog\/\/?p=308\" rel=\"bookmark\"> Gi\u00e0 dal \u201833 i comunisti italiani d\u2019accordo con quelli jugoslavi per annettere alla Jugoslavia tutta l\u2019Istria e la Dalmazia. <\/a><br \/><a href=\"http:\/\/www.palmerini.net\/blog\/wp-admin\/10%20febbraio%20-%20giornata%20del%20ricordo%20del%20genocidio%20Giuliano%20e%20Dalmato\" target=\"_blank\" rel=\"noopener\">10 febbraio - giornata del ricordo del genocidio Giuliano e Dalmato<\/a><\/p> <p><a href=\"http:\/\/www.palmerini.net\/blog\/\/?p=43\" target=\"_blank\" rel=\"noopener\">Le prove che il Referendum del 1946 \u00e8 nullo<\/a><\/p> <p><a href=\"http:\/\/www.palmerini.net\/blog\/\/?p=88\" target=\"_blank\" rel=\"noopener\">Volevano la Repubblica Jugoslava nel Nord Italia, ovvero la balla della liberazione<\/a><\/p> <p><a href=\"http:\/\/www.palmerini.net\/blog\/\/?p=49\" target=\"_blank\" rel=\"noopener\">Il Comunismo condannato per crimini contro l\u2019umanit\u00e0<\/a><br \/><a href=\"http:\/\/www.palmerini.net\/blog\/?s=foibe\" target=\"_blank\" rel=\"noopener\">Altri articoli sulle foibe e sul genocidio degli Istro-Veneti<\/a><\/p>","_links":{"self":[{"href":"https:\/\/palmerini.net\/blog\/wp-json\/wp\/v2\/posts\/318","targetHints":{"allow":["GET"]}}],"collection":[{"href":"https:\/\/palmerini.net\/blog\/wp-json\/wp\/v2\/posts"}],"about":[{"href":"https:\/\/palmerini.net\/blog\/wp-json\/wp\/v2\/types\/post"}],"author":[{"embeddable":true,"href":"https:\/\/palmerini.net\/blog\/wp-json\/wp\/v2\/users\/292"}],"replies":[{"embeddable":true,"href":"https:\/\/palmerini.net\/blog\/wp-json\/wp\/v2\/comments?post=318"}],"version-history":[{"count":3,"href":"https:\/\/palmerini.net\/blog\/wp-json\/wp\/v2\/posts\/318\/revisions"}],"predecessor-version":[{"id":38757,"href":"https:\/\/palmerini.net\/blog\/wp-json\/wp\/v2\/posts\/318\/revisions\/38757"}],"wp:featuredmedia":[{"embeddable":true,"href":"https:\/\/palmerini.net\/blog\/wp-json\/wp\/v2\/media\/163"}],"wp:attachment":[{"href":"https:\/\/palmerini.net\/blog\/wp-json\/wp\/v2\/media?parent=318"}],"wp:term":[{"taxonomy":"category","embeddable":true,"href":"https:\/\/palmerini.net\/blog\/wp-json\/wp\/v2\/categories?post=318"},{"taxonomy":"post_tag","embeddable":true,"href":"https:\/\/palmerini.net\/blog\/wp-json\/wp\/v2\/tags?post=318"}],"curies":[{"name":"wp","href":"https:\/\/api.w.org\/{rel}","templated":true}]}}