{"id":2752,"date":"2013-07-21T14:21:44","date_gmt":"2013-07-21T13:21:44","guid":{"rendered":"http:\/\/www.palmerini.net\/blog\/?p=2752"},"modified":"2013-07-21T18:16:50","modified_gmt":"2013-07-21T17:16:50","slug":"il-percorso-dellautogoverno-del-popolo-veneto-emulato-anche-da-trieste-libera","status":"publish","type":"post","link":"https:\/\/palmerini.net\/blog\/il-percorso-dellautogoverno-del-popolo-veneto-emulato-anche-da-trieste-libera\/","title":{"rendered":"Il metodo dell&#8217;autogoverno del Popolo Veneto  emulato anche da Trieste Libera."},"content":{"rendered":"<p><a href=\"http:\/\/statoveneto.net\/governo\/\"><img loading=\"lazy\" decoding=\"async\" class=\"alignright  wp-image-170\" alt=\"leonpadova04.jpg\" src=\"http:\/\/www.palmerini.net\/blog\/wp-content\/uploads\/2008\/02\/leonpadova04.jpg\" width=\"300\" height=\"198\" \/><\/a>Nel 1999 fondai l&#8217;Autogoverno del Popolo Veneto, e da allora abbiamo fatto queste azioni:<\/p>\n<p>&#8211; organizzato delle Istituzioni rappresentative legali e sovrane per il diritto internazionale<br \/>\n&#8211; organizzato le prime elezioni del popolo veneto , cio\u00e8 elezioni a cui pu\u00f2 votare solo il popolo veneto<br \/>\n&#8211; preteso dallo stato italiano la sovranit\u00e0 dell&#8217;Autogoverno nel territorio del popolo veneto, cio\u00e8 da Bergamo a Udine<br \/>\n&#8211; gi\u00e0 nel 2000 eravamo nei tribunali a rivendicare legalmente la sovranit\u00e0 in quanto riconosciuta dalle leggi internazionali<br \/>\n&#8211; ricorso a vari organi internazionali per vedere riconosciuti i nostri diritti<br \/>\n&#8211; nel 2006 dimostravamo la illegalit\u00e0 dello stato italiano nell&#8217;intero Lombardo-Veneto e affermavamo la nostra successione legale ad esso, quindi alla Repubblica Veneta<br \/>\n&#8211; ottenevamo la dichiarazione di &#8220;difetto assoluto di giurisdizione&#8221; da parte del Tribunale di Venezia<br \/>\n&#8211; eleggevamo magistrati del popolo veneto<br \/>\n&#8211; organizzavamo processi con giudici veneti contro funzionari italiani<br \/>\n&#8211; chiedevamo la giurisdizione veneta nei tribunali italiani<br \/>\n&#8211; organizzavamo nuove elezioni<\/p>\n<p>Tutto questo ovviamente creando statuti, regole e leggi come un vero stato.<\/p>\n<p>Mentre noi facevamo questo in questi 13 anni, mentre i politici veneti di carriera si perdevano in esercizi &#8220;spirituali&#8221;, oppure ci ostacolavano e ci sbeffeggiavano, molti altri si ispiravano da noi o perfino cercavano di clonarci.<\/p>\n<p>Ecco che:<br \/>\n&#8211; sono nati 3 autogoverni fasulli da personaggi fuoriusciti dalle nostre Istituzioni<br \/>\n&#8211; la regione Sardegna si \u00e8 inspirata per fare l&#8217;Autodeterminazione del Popolo Sardo, ed \u00e8 stata bocciata perch\u00e9 il percorso lo si deve fare come noi popolo veneto<br \/>\n&#8211; la proposta di referendum mistificava il concetto di popolo con quello di &#8220;regione&#8221; venendo bocciata ovunque<\/p>\n<p style=\"text-align: left\"><a href=\"http:\/\/triestelibera.org\/it\/\"><img loading=\"lazy\" decoding=\"async\" class=\" wp-image-2753 alignleft\" alt=\"trieste-libera2\" src=\"http:\/\/www.palmerini.net\/blog\/wp-content\/uploads\/2013\/07\/trieste-libera2.png\" width=\"280\" height=\"116\" \/><\/a>\u00a0Ora il movimento Trieste Libera (<a href=\"http:\/\/triestelibera.org\/it\/\">http:\/\/triestelibera.org\/it\/<\/a>)\u00a0fa quello che facevamo noi 13 anni fa, ossia dichiara la mancanza di legalit\u00e0 nel territorio del Governo Italiano, ovviamente basandosi su dei trattati.<\/p>\n<p>A sostenere il Movimento Trieste Libera nel tribunale c&#8217;erano pochi giorni fa 300 persone.<\/p>\n<p>A sostenere noi invece ci sono stati sempre pochi patrioti, poi confusi dalle sirene di ex-poliziotti, politicanti e calunniatore. \u00a0Quello che finora \u00e8 mancato alla libert\u00e0 veneta \u00e8 questo sostegno popolare , che ci \u00e8 venuto a mancare a causa di caregari politici e referendari che ingannano il popolo con baggianate infondate.<\/p>\n<p>Adesso , disperati dalla bocciatura del progetto referendario, i politicanti giocano a fare il finto autogoverno, con esercizi spirituali per un futuro stato. Se costoro non ammettono di essersi sbagliati \u00e8 chiaro che non potranno avere posto in questo futuro stato.<\/p>\n<p>Ancora una volta \u00e8 stato dimenticato il principio legale: &#8220;L&#8217;autogoverno del Popolo Veneto si realizza in forme rispondenti alla sua storia e alla sua tradizione&#8221;.<\/p>\n<p>Quindi non solo chi rivendica il diritto di Referendum deve volerlo in tutti i territori ex-veneti, come vuole il diritto di Autogoverno, ma lo deve fare secondo forme di statuto che rispettino la sua tradizione.<\/p>\n<p>Che San Marco ci liberi da questi pataccari.<\/p>\n","protected":false},"excerpt":{"rendered":"<p>Nel 1999 fondai l&#8217;Autogoverno del Popolo Veneto, e da allora abbiamo fatto queste azioni: &#8211; organizzato delle Istituzioni rappresentative legali e sovrane per il diritto internazionale &#8211; organizzato le prime elezioni del popolo veneto , cio\u00e8 elezioni a cui pu\u00f2 votare solo il popolo veneto &#8211; preteso dallo stato italiano la sovranit\u00e0 dell&#8217;Autogoverno nel territorio [&hellip;]<\/p>\n","protected":false},"author":292,"featured_media":0,"comment_status":"open","ping_status":"closed","sticky":false,"template":"","format":"standard","meta":{"advanced_seo_description":"","jetpack_seo_html_title":"","jetpack_seo_noindex":false,"jetpack_post_was_ever_published":false,"_jetpack_newsletter_access":"","_jetpack_dont_email_post_to_subs":false,"_jetpack_newsletter_tier_id":0,"_jetpack_memberships_contains_paywalled_content":false,"_jetpack_memberships_contains_paid_content":false,"footnotes":"","jetpack_publicize_message":"","jetpack_publicize_feature_enabled":true,"jetpack_social_post_already_shared":false,"jetpack_social_options":{"image_generator_settings":{"template":"highway","default_image_id":0,"font":"","enabled":false},"version":2}},"categories":[12,6],"tags":[],"class_list":["post-2752","post","type-post","status-publish","format-standard","hentry","category-autogoverno-popolo-veneto","category-politica","has-post-title","has-post-date","has-post-category","has-post-tag","has-post-comment","has-post-author",""],"jetpack_publicize_connections":[],"jetpack_featured_media_url":"","jetpack-related-posts":[],"jetpack_sharing_enabled":true,"jetpack_likes_enabled":true,"builder_content":"","_links":{"self":[{"href":"https:\/\/palmerini.net\/blog\/wp-json\/wp\/v2\/posts\/2752","targetHints":{"allow":["GET"]}}],"collection":[{"href":"https:\/\/palmerini.net\/blog\/wp-json\/wp\/v2\/posts"}],"about":[{"href":"https:\/\/palmerini.net\/blog\/wp-json\/wp\/v2\/types\/post"}],"author":[{"embeddable":true,"href":"https:\/\/palmerini.net\/blog\/wp-json\/wp\/v2\/users\/292"}],"replies":[{"embeddable":true,"href":"https:\/\/palmerini.net\/blog\/wp-json\/wp\/v2\/comments?post=2752"}],"version-history":[{"count":0,"href":"https:\/\/palmerini.net\/blog\/wp-json\/wp\/v2\/posts\/2752\/revisions"}],"wp:attachment":[{"href":"https:\/\/palmerini.net\/blog\/wp-json\/wp\/v2\/media?parent=2752"}],"wp:term":[{"taxonomy":"category","embeddable":true,"href":"https:\/\/palmerini.net\/blog\/wp-json\/wp\/v2\/categories?post=2752"},{"taxonomy":"post_tag","embeddable":true,"href":"https:\/\/palmerini.net\/blog\/wp-json\/wp\/v2\/tags?post=2752"}],"curies":[{"name":"wp","href":"https:\/\/api.w.org\/{rel}","templated":true}]}}