{"id":2714,"date":"2013-04-01T01:23:48","date_gmt":"2013-04-01T00:23:48","guid":{"rendered":"http:\/\/www.palmerini.net\/blog\/?p=2714"},"modified":"2017-03-25T00:17:10","modified_gmt":"2017-03-24T23:17:10","slug":"le-storie-di-gabriele-de-pieri-un-caso-umano","status":"publish","type":"post","link":"https:\/\/palmerini.net\/blog\/le-storie-di-gabriele-de-pieri-un-caso-umano\/","title":{"rendered":"Le storie di Gabriele De Pieri: un caso umano"},"content":{"rendered":"<p><img loading=\"lazy\" decoding=\"async\" class=\"alignright size-thumbnail wp-image-2020\" src=\"http:\/\/www.palmerini.net\/blog\/wp-content\/uploads\/2012\/05\/depieri-150x150.jpg\" alt=\"Gabriel De Pieri nella pagine del Mattino\" width=\"150\" height=\"150\" srcset=\"https:\/\/palmerini.net\/blog\/wp-content\/uploads\/2012\/05\/depieri-150x150.jpg 150w, https:\/\/palmerini.net\/blog\/wp-content\/uploads\/2012\/05\/depieri-47x48.jpg 47w\" sizes=\"auto, (max-width: 150px) 100vw, 150px\" \/>Il Signor De Pieri Gabriele si \u00e8 iscritto alla anagrafe del Popolo Veneto nel 2002, e ha in s\u00e9guito mantenuto un contatto diretto con l&#8217;allora Presidente del Governo, Franceschi e saltuariamente con me. Nessuno per\u00f2 gli diede ruoli di prestigio.<\/p>\n<p><img loading=\"lazy\" decoding=\"async\" src=\"http:\/\/www.palmerini.net\/blog\/wp-content\/uploads\/2012\/05\/depieri-150x150.jpg\" alt=\"\" width=\"1\" height=\"1\" \/><br \/>\nSu richiesta di Franceschi nel 2005 De Pieri si \u00e8 mostrato alla festa dei Veneti di Cittadella portando il vestito da &#8220;poliziotto veneto&#8221;, una divisa dimostrativa inventata da Franceschi (solo una allegoria perch\u00e9 non c&#8217;era stato un decreto) e che lo stesso afferm\u00f2 in seguito essere costata i migliaia di euro spariti dalla cassa.<\/p>\n<p>Quando nel 2008 il Tribunale di Venezia sentenzi\u00f2 il &#8220;difetto assoluto di giurisdizione&#8221; sulla base del lavoro di studio del Palmerini, De Pieri \u00e8 in prima fila e decide per attivarsi del tutto nelle istituzioni.<\/p>\n<p>Ad inizio 2009 infatti De Pieri si candida per le seconde elezioni all&#8217;Assemblea dei Membri (il\u00a0parlamento nazionale veneto su base elettiva), e da eletto partecipa a diverse votazioni ma non riesce ad avere altro ruolo.<\/p>\n<p>Qualche mese dopo (2009) partecipa alle elezioni della provincia di Padova e si candida nel collegio del suo paese per la lista Venezie per l&#8217;Autogoverno, con candidato presidente Loris Palmerini. Purtroppo riceve soli 9 voti, meno degli candidati della lista (<a href=\"http:\/\/elezioni.provincia.padova.it\/elezioni.php?req=3&amp;dati=1&amp;elezione=16&amp;comune=64\">http:\/\/elezioni.provincia.padova.it\/elezioni.php?req=3&amp;dati=1&amp;elezione=16&amp;comune=64<\/a> ). Cio\u00e9 se stava zitto facilmente prendeva qualche voto in pi\u00f9.<\/p>\n<p>Per\u00f2 quando si scopre che Quaglia (presidente del Governo) e Bortotto (capo della polizia) attuano sistematiche violazioni di statuto, De Pieri apparentemenre si schiera con il rispetto dello statuto e della legalit\u00e0. Su richiesta di De Pieri stesso e altri \u00a03 membri, viene \u00a0convocata l&#8217;Assemblea\u00a0<span style=\"font-size: 13px; line-height: 19px;\">e nell&#8217;agosto del 2009 la stessa delibera la radiazione a vita degli stessi e dei seguaci ( <\/span><a style=\"font-size: 13px; line-height: 19px;\" href=\"http:\/\/www.statoveneto.net\/assemblea\/?p=37 e http:\/\/statoveneto.net\/governo\/ecco-alcuni-crimini-per-i-quali-lassemblea-ha-fatto-decare-quaglia\/\">http:\/\/www.statoveneto.net\/assemblea\/?p=37 e http:\/\/statoveneto.net\/governo\/ecco-alcuni-crimini-per-i-quali-lassemblea-ha-fatto-decare-quaglia\/<\/a><span style=\"font-size: 13px; line-height: 19px;\"> ).\u00a0<\/span><\/p>\n<p>Era successo che\u00a0\u00a0il presidente del Tribunale era venuto casualmente in possesso di \u00a0fatture personali che\u00a0Quaglia e il suo ministro Zanatta trafficavano con San Marino attraverso le email del Governo, mescolando gli affari privati con le Istituzioni oltretutto in un momento in cui San Marino era sotto le indagini e assediato dalla Guardia di Finanza Italiana. De Pieri e il resto dell&#8217;assemblea decretarono la decadenza a norma di statuto, di Quaglia e Bortotto anche per sistematiche violazioni dello statuto stesso.<br \/>\n<img loading=\"lazy\" decoding=\"async\" class=\"alignright size-thumbnail wp-image-2607\" src=\"http:\/\/www.palmerini.net\/blog\/wp-content\/uploads\/2013\/05\/quagliabn-200x200.jpg\" alt=\"quagliabn\" width=\"200\" height=\"200\" \/>Quaglia e seguaci, \u00a0espulsi a norma di statuto, si riuniscono ugualmente il giorno dopo l&#8217;espulsione \u00a0e &#8220;deliberano&#8221; invalidamente (per lo statuto) che egli non solo resta capo del Governo, ma \u00e8 anche\u00a0capo dell&#8217;Assemblea (ruolo da cui si era dimesso per diventare capo del Governo), ed\u00a0\u00e8 anche capo della magistratura , cosa vietata dallo statuto.<\/p>\n<p>Nel settembre 2009 l&#8217;assemblea legittima, incurante di Quaglia e le sue farneticazioni, \u00a0si riunisce per votare il nuovo capo del governo, e De Pieri si candida. Tuttavia perde, \u00a0l&#8217;elezione viene vinta da Palmerini \u00a0quando lo stesso aveva chiesto che cosa avrebbe fatto se la polizia lo avesse fermato. De Pieri diede una risposta che fece ridere tutti, ma che era la risposta di quello che in effetti fece anni dopo. Palmerini aveva annunciato le sue dimissioni da Presidente del Tribunale ancora prima dell&#8217;espulsione di Quaglia.<\/p>\n<p>De Pieri accetta la sconfitta, tanto pi\u00f9 che \u00a0si trovava a doversi difendere in tribunale italiano dall&#8217;accusa di aver tentato di investire un carabiniere.<br \/>\nEra successo 2 anni prima che era passato per un centro abitato con il proprio camion in percorso vietato. Fermato da un carabiniere noto per essere irascibile, De Pieri rifiuta di presentare i documenti, poi li mostra ma se ne va dicendogli &#8220;10,100,1000 Nassiria&#8221; . Il Carabiniere si pone davanti al camion per bloccarlo dalla partenza, ma De Pieri fa per partire ugualmente fingendo di investirlo. Denunciato.<\/p>\n<p>De Pieri chiede a Palmerini di aiutarlo, e lo porta dal suo avvocato a cui Palmerini espone il ricorso da lui stesso presentato un anno prima al tribunale di Padova, nel quale chiedeva il giudizio alle autorit\u00e0 di autogoverno in base alle leggi italiane ed in quanto unico giudice naturale.<\/p>\n<p>Del ricorso di Palmerini i giornali non avevano data alcuna notizia, ma dell&#8217;identico ricorso di De Pieri il Mattino di Padova fa una uscita in ottobre <a href=\"\/\/www.blitzquotidiano.it\/cronaca-Italia\/Padova-indagato-chiede-di-essere-giudicato-dal-tribunale-del-popolo-veneto-116037\/\">(http:\/\/www.blitzquotidiano.it\/cronaca-Italia\/Padova-indagato-chiede-di-essere-giudicato-dal-tribunale-del-popolo-veneto-116037\/<\/a> ) rilanciata da diverse agenzie (<a href=\"http:\/\/www.adnkronos.com\/Archivio\/AdnAgenzia\/2009\/10\/06\/Cronaca\/PADOVA-RICUSA-IL-GIUDICE-VUOLE-CHE-SIA-VENETO_115308.php\">http:\/\/www.adnkronos.com\/Archivio\/AdnAgenzia\/2009\/10\/06\/Cronaca\/PADOVA-RICUSA-IL-GIUDICE-VUOLE-CHE-SIA-VENETO_115308.php<\/a> ) e siti.<\/p>\n<p>De Pieri comincia a pensare di essere il prescelto del destino, e intima a Palmerini di dimettersi da capo del Governo. In Prato della Valle, dopo una intervista del mattino di Padova organizzata da un amico di Palmerini (intervista mai pubblicata) De Pieri pretende di essere riconosciuto come nuovo presidente, dicendo che pure l&#8217;espulso Quaglia doveva farlo. Palmerini gli dice che ci sono degli statuti, che si deve presentare all&#8217;Assemblea se vuole e che Quaglia \u00e8 stato espulso definitivamente. De Pieri lo minaccia e lo spintona.<\/p>\n<p>De Pieri non si fa pi\u00f9 vedere e ricompare come presidente del neo-costituito Stato di Padova facente parte della Repubblica Veneta presieduta da Quaglia (che pure afferma contemporaneamente di essere il presidente del governo e pure della magistratura e dell&#8217;assemblea di autogoverno).<\/p>\n<p>Purtroppo il De Pieri presidente dello Stato di Padova viene fermato dalla polizia e esibisce una &#8220;patente&#8221; Veneta (<a href=\"http:\/\/mattinopadova.gelocal.it\/cronaca\/2011\/03\/08\/news\/venetista-trattenuto-dai-carabinieri-perche-mostra-la-patente-veneta-1.1271216\">http:\/\/mattinopadova.gelocal.it\/cronaca\/2011\/03\/08\/news\/venetista-trattenuto-dai-carabinieri-perche-mostra-la-patente-veneta-1.1271216<\/a> ) pretendendo l&#8217;assoggettamento dei poliziotti.<\/p>\n<p>Non \u00e8 noto per quale motivo De Pieri e Quaglia arrivino ai ferri corti, ma d&#8217;altra parte anche Bortotto aveva nel frattempo lasciato Quaglia per fondare un movimento di liberazione e una anagrafe scopiazzata da Palmerini.<\/p>\n<p>Tuttavia nel 2011 De Pieri inizia una parabola di assurdit\u00e0 sempre pi\u00f9 irrealistiche.<\/p>\n<p>Comincia a dire di essere il presidente della Repubblica Veneta (al posto di Quaglia?), ma di un governo fondato ben nel 1997 (??). Afferma di avere avuto il riconoscimento ONU, e pretende che esso sia costituito dal timbro di deposito di una richiesta di riconoscimento (!?).<\/p>\n<p>Anche De Pieri capisce l&#8217;utilit\u00e0 di una anagrafe del popolo veneto come quella creata da Palmerini, e anche De Pieri come gi\u00e0 l&#8217;avv. Selmo di Verona, e poi Quaglia e poi Bortotto, comincia a registrare gli ignari avventori. Per\u00f2 De Pieri \u00e8 l&#8217;unico a dire che l&#8217;Anagrafe \u00e8 la prima nata, che \u00e8 nata nel 1997, e quindi comincia a raccontare che Palmerini lo ha copiato in tutto ( in questo anche Quaglia si \u00e8 avventurato). Inoltre comincia a sostenere che Palmerini \u00e8 dei servizi segreti (risulter\u00e0 in seguito che in realt\u00e0 spargeva questa calunnia da anni). A riprova dell&#8217;accusa a Palmerini esibisce un documento del 1997 (avuto probabilmente da Quaglia e che solo dei magistrati possono avere ) dove Palmerini chiede di essere sentito per parlare dei veneti nel processo ai Serenissimi. Palmerini aveva gi\u00e0 giustificato la denuncia come un tentativo per farsi sentire dai magistrati al fine di far valere il diritto legale di autogoverno del popolo veneto nel processo ai Serenissimi, ed inoltre per portare la questione dei brogli da Palmerini denunciata e la ineleggibilit\u00e0 di Berlusconi per affermare che lo Stato non pu\u00f2 avere 2 pesi e 2 misure . Pur di farsi sentire nella richiesta Palmerini afferm\u00f2 di conoscere alcuni movimenti, che in realt\u00e0 non aveva nulla a che fare ed infatti nessuno a quel tempo non lo conosceva. Il magistrato non lo ha mai sentito tanto pi\u00f9 che erano note e diffuse via internet le sue denunce che sono diventate cronaca nota nel corso degli anni successivi (dossier denunce brogli elettorali di Palmerini all&#8217;indirizzo <a href=\"http:\/\/italia.8m.com\/salva\/\">http:\/\/italia.8m.com\/salva\/<\/a> ).<\/p>\n<p>Purtroppo per De Pieri \u00e8 indispensabile distruggere la reputazione di Palmerini, e cos\u00ec si inventa pure che poco prima di morire Bepin Segato gli avrebbe confidato cose orribili su Palmerini, dicendogli di stargli distante. Anche questi fatti purtroppo vengono smentite da diverse prove, per primo il fatto che Segato e Palmerini si erano sempre frequentati, tanto da dare vita al &#8220;Comitato per le belle Costumanze Venete&#8221; per promuovere il capodanno. Ed inoltre sfortunatamente per De Pieri nel 2009 l&#8217;editore Gardin (che ha pure egli in odio Palmerini) ha pubblicato le lettere dal carcere di Segato dove egli scrive, al contrario, che la magistratura voleva che incastrasse Palmerini, e siccome Segato non lo fece sub\u00ec del carcere ingiusto aggiuntivo (vedi <a href=\"http:\/\/www.palmerini.net\/blog\/segato-preferi-la-tortura-della-prigione-piuttosto-che-accusare-falsamente-palmerini\/\">http:\/\/www.palmerini.net\/blog\/segato-preferi-la-tortura-della-prigione-piuttosto-che-accusare-falsamente-palmerini\/)<\/a><\/p>\n<p>Purtroppo De Pieri ha continuato nella sua parabola di fantasie arrivando a dichiararsi Doge della Repubblica e comunicando che durante la notte San Marco gli parla in sogno e gli indica la via per ripristinare la chiesa &#8220;copta&#8221; di Venezia. Sulla scorta di questo ha raccolto una serie di denunce da parte dell&#8217;autorit\u00e0 senza che questo gli abbia valso il riconoscimento. Tuttavia nel 2012 ha dichiarato pubblicamente al \u00a0convegno di Jesolo di aver avuto il riconoscimento della validit\u00e0 del documento in quanto gli era stata appioppata una multa di sosta vieta con citato il suo documento della &#8220;Repubblica Veneta&#8221; (in realt\u00e0 per il poliziotto pu\u00f2 bastare anche il tesserino dell&#8217;autobus o della biblioteca).<\/p>\n<p>Il sindaco del comune di De Pieri, sopratutto a seguito delle segnalazione dei parenti di De Pieri, ha espresso turbamento per il caso, e per il comportamento di De Pieri, fino a chiedersi se era il caso di ordinare il ricovero coatto.<\/p>\n<p>Il piccolo gruppo di seguaci che De Pieri aveva raccattato riciclando il materiale di Palmerini si \u00e8 via via sfaldato quando la gente ha cominciato ad indagare sul suo odio per Palmerini, \u00a0fino a lasciarlo solo con il suo amico del cuore, Pegorin, anche lui gi\u00e0 membro dell&#8217;Assemblea del Popolo Veneto fondata nel 1999 da Palmerini, Segato e Franceschi.<\/p>\n<p>Purtroppo questo tipo di personalit\u00e0 sono quelle che il regime e i media usano per tenere i veneti lontani dalla loro libert\u00e0 \u00a0(vedi\u00a0<a href=\"http:\/\/www.palmerini.net\/blog\/una-tecnica-di-regime-mettere-in-tv-limbecille-che-rovina-tutto-il-movimento\/\">http:\/\/www.palmerini.net\/blog\/una-tecnica-di-regime-mettere-in-tv-limbecille-che-rovina-tutto-il-movimento\/<\/a>)<\/p>\n","protected":false},"excerpt":{"rendered":"<p>Il Signor De Pieri Gabriele si \u00e8 iscritto alla anagrafe del Popolo Veneto nel 2002, e ha in s\u00e9guito mantenuto un contatto diretto con l&#8217;allora Presidente del Governo, Franceschi e saltuariamente con me. Nessuno per\u00f2 gli diede ruoli di prestigio. Su richiesta di Franceschi nel 2005 De Pieri si \u00e8 mostrato alla festa dei Veneti [&hellip;]<\/p>\n","protected":false},"author":292,"featured_media":2020,"comment_status":"open","ping_status":"closed","sticky":false,"template":"","format":"standard","meta":{"advanced_seo_description":"","jetpack_seo_html_title":"","jetpack_seo_noindex":false,"jetpack_post_was_ever_published":false,"_jetpack_newsletter_access":"","_jetpack_dont_email_post_to_subs":true,"_jetpack_newsletter_tier_id":0,"_jetpack_memberships_contains_paywalled_content":false,"_jetpack_memberships_contains_paid_content":false,"footnotes":"","jetpack_publicize_message":"","jetpack_publicize_feature_enabled":true,"jetpack_social_post_already_shared":false,"jetpack_social_options":{"image_generator_settings":{"template":"highway","default_image_id":0,"font":"","enabled":false},"version":2}},"categories":[12,1],"tags":[],"class_list":["post-2714","post","type-post","status-publish","format-standard","has-post-thumbnail","hentry","category-autogoverno-popolo-veneto","category-personale","has-post-title","has-post-date","has-post-category","has-post-tag","has-post-comment","has-post-author",""],"jetpack_publicize_connections":[],"jetpack_featured_media_url":"https:\/\/palmerini.net\/blog\/wp-content\/uploads\/2012\/05\/depieri.jpg","jetpack-related-posts":[],"jetpack_sharing_enabled":true,"jetpack_likes_enabled":true,"builder_content":"","_links":{"self":[{"href":"https:\/\/palmerini.net\/blog\/wp-json\/wp\/v2\/posts\/2714","targetHints":{"allow":["GET"]}}],"collection":[{"href":"https:\/\/palmerini.net\/blog\/wp-json\/wp\/v2\/posts"}],"about":[{"href":"https:\/\/palmerini.net\/blog\/wp-json\/wp\/v2\/types\/post"}],"author":[{"embeddable":true,"href":"https:\/\/palmerini.net\/blog\/wp-json\/wp\/v2\/users\/292"}],"replies":[{"embeddable":true,"href":"https:\/\/palmerini.net\/blog\/wp-json\/wp\/v2\/comments?post=2714"}],"version-history":[{"count":0,"href":"https:\/\/palmerini.net\/blog\/wp-json\/wp\/v2\/posts\/2714\/revisions"}],"wp:featuredmedia":[{"embeddable":true,"href":"https:\/\/palmerini.net\/blog\/wp-json\/wp\/v2\/media\/2020"}],"wp:attachment":[{"href":"https:\/\/palmerini.net\/blog\/wp-json\/wp\/v2\/media?parent=2714"}],"wp:term":[{"taxonomy":"category","embeddable":true,"href":"https:\/\/palmerini.net\/blog\/wp-json\/wp\/v2\/categories?post=2714"},{"taxonomy":"post_tag","embeddable":true,"href":"https:\/\/palmerini.net\/blog\/wp-json\/wp\/v2\/tags?post=2714"}],"curies":[{"name":"wp","href":"https:\/\/api.w.org\/{rel}","templated":true}]}}