{"id":23,"date":"2007-01-31T19:15:02","date_gmt":"2007-01-31T16:15:02","guid":{"rendered":"http:\/\/www.palmerini.net\/blog\/?p=23"},"modified":"2008-01-09T05:03:19","modified_gmt":"2008-01-09T04:03:19","slug":"ecco-come-si-prendono-il-merito-del-lavoro-degli-altri","status":"publish","type":"post","link":"https:\/\/palmerini.net\/blog\/ecco-come-si-prendono-il-merito-del-lavoro-degli-altri\/","title":{"rendered":"Ecco come si prendono il merito del lavoro degli altri"},"content":{"rendered":"<p><!--Mime Type of File is application\/pdf --><a href=\"http:\/\/www.palmerini.net\/blog\/wp-filez\/mon7c03a.pdf\">mon7c03a.pdf<\/a><br \/>\nRecentemente un certo Andrea D&#8217;Ambra, uno qualunque di noi che per\u00f2 si \u00e8 rotto le scatole pi\u00f9 degli altri, ha messo le mani sulla tastiera e ha realizzato una petizione su internet contro i costi di ricarica dei cellulari.<br \/>\nIl costo di ricarica frutta 3000 miliardi di lire\/anno agli operatori, tanti soldi da sanare la sanit\u00e0 di una intera regione, e naturalmente \u00e8 una delle tante truffe che pagano solo i coglioni d&#8217;Europa, ossia solo gli Italiani.<\/p>\n<p>Tanto era l&#8217;odiosit\u00e0 della truffa che l&#8217;iniziativa ha avuto un grande successo, in molti l&#8217;hanno sottoscritto da subito, e grazie anche alla grande  pubblicit\u00e0 data da Beppe Grillo, sono arrivate quasi 800.000 firme.<\/p>\n<p>Andrea allora l&#8217;ha segnalata alla Commissione Europea, la quale ha preso in mano la questione e ha chiesto spiegazioni all&#8217;italia.  Apriti cielo ! L&#8217;autorit\u00e0 antitrust italiana, fino ad allora sorda, cieca e sopratutto muta, ha cominciato a parlare.  Prima di andare oltre, notate che se spedite 800.000 firme al Governo Italiano si fanno una risata e ci pisciano sopra, e anche in questo siamo gli unici coglioni d&#8217;Europa perch\u00e9 ci ridiamo sopra invece di fare una rivoluzione per i diritti democratici prendendo a calci i pisciatori (vedi referendum sul finanziamento ai partiti).<br \/>\nPer i partiti per\u00f2, un cos\u00ec grande risultato non poteva essere lasciato in mano ad una persona sola, Andrea, perch\u00e9 questo toglie l&#8217;illusione che i partiti facciano qualcosa di serio.<br \/>\nCos\u00ec, da subito, il ministro (da brogli) Bersani si \u00e8 attribuito il merito, e lo ha fatto pi\u00f9 e pi\u00f9 volte.<\/p>\n<p>Il povero Andrea si \u00e8 trovato cos\u00ec derubato del suo lavoro, anche se qualche giornalista, oltre all&#8217;ex ministro Tremonti, ha fatto presente a Bersani che l&#8217;iniziativa non era sua ma di Andrea.<br \/>\nNonostante lo sbugiardamento, ancora 2 giorni fa Bersani a 8 e 1\/2 si \u00e8 attribuito il merito di aver tagliato i costi di ricarica e tutti sappiamo che questo E&#8217; FALSO. Come si chiama chi afferma il falso ?<br \/>\nBersani infatti non ha fatto nulla spontaneamente, \u00e8 la Commissione Europea che lo ha imposto. Bersani \u00e8 solo un dipendente di cui la nomina legale non \u00e8 sicura che si attribuisce il merito di una lavoro fatto da altri che in realt\u00e0 era suo compito fare e non aveva fatto fino a quando scoperto dal &#8220;controllore&#8221; europeo.<br \/>\nSono veramente incredulo della sfacciataggine dimostrata anche di fronte alla nuda verit\u00e0, e mi vergogno di doverlo pagare come dipendente, ma non  posso licenziarlo dato che non \u00e8 regolarmente assunto.<\/p>\n<p>Sono incredulo della sfacciattagine, ma non mi sorprende il furto del merito, perch\u00e9 la stessa cosa \u00e8 successa anche a me, gi\u00e0 nel 1996 . Ecco su cosa.<\/p>\n<p>Vi ricordate che fino al 1997 i telegiornali avevano la pubblicit\u00e0 , dopo anche soli 10 minuti di notizie ? La cosa era contraria alla direttiva europea che vietava la pubblicit\u00e0 nei primi 30 minuti di telegiornale. Allora feci un ricorso alla Commissione Europea e grazie a cio fu tolta. Purtroppo questo ha creato un mancato introito a Rai e Mediaset di diverse centinaia di miliardi di lire l&#8217;hanno, e dunque non dovrei soprendermi che ancora oggi  mi censurino.<\/p>\n<p>E&#8217; vero che alcune tv locali ancora oggi fanno la pubblicit\u00e0 nei telegiornali prima di 30 minuti, ma la maggior dei TG  fa pubblicit\u00e0 solo dopo i primi 30 minuti, oppure chiudono il telegiornale per reiniziare con una rubrica a parte di costume.<\/p>\n<p>Il documento di conprova che ho liberato l&#8217;Italia dalla pubblicit\u00e0 nell&#8217;informazione \u00e8 allegato.<\/p>\n<p>Il mio e quello di D&#8217;Ambra sono dimostrazioni che la meritocrazia \u00e8 democrazia, in quanto negarla \u00e8 falsit\u00e0 ideologica e occupazione delle istituzioni, quindi sovversione.<\/p>\n<p>Anche Andrea D&#8217;Ambra, facendo una cosa semplice semplice, ha ottenendo dei risultati splendidi, e il suo caso dimostra ancora che una persona sola pu\u00f2 modificare la realt\u00e0 pi\u00f9 di un partito . Al tempo di internet  poi, i processi democratici e di autogoverno diretto della cosa pubblica sono completamente rivoluzionati.  Siamo al punto che i partiti non solo non servono pi\u00f9 a nulla, ma sono perfino un ostacolo ai processi democratici e alla nascita di &#8220;community&#8221; basate su singoli interessi, come dimostrato dal caso D&#8217;Ambra.<\/p>\n<p>Nel suo caso e in molti altri i partiti fungono da freno ai processi democratici , opprimono i talenti, ostacolano la meritocrazia, sono strumenti di miseri rappresentanti di partito che sono seduti l\u00ec solo perch\u00e9 una struttura antidemocratica lo permette.<\/p>\n<p>Con la scomparsa delle preferenze nel voto \u00e8 venuta  meno anche l&#8217;ultima minima possibilit\u00e0 di scelta dei cittadini: poche persone controllano tutto il sistema antidemocratico.<\/p>\n<p>Dico antidemocratico perch\u00e9 i partiti di oggi si prendono i soldi dei finanziamenti contro la volont\u00e0 dei cittadini espressa in un referendum. Antidemocratici e INCOSTITUZIONALI I partiti in parlamento oggi, perch\u00e9 si sono auto-esentati dal raccogliere firme per le candidature obbligando invece gli altri concorrenti a farlo, una gara dei 100 metri in cui loro vanno in auto e gli altri sono zoppi.<\/p>\n<p>Mettendo insieme questo e altri elementi, \u00e8 palese una sistematica violazione della Costituzione la quale  invece impone parit\u00e0 di condizioni per la partecipazione politica.<\/p>\n<p>Tutto questo viene nascosto SISTEMATICAMENTE al cittadino elettore, tenendo nascosti talenti, impedendogli di sapere chi fa che cosa , e attribuendo il merito a entit\u00e0 fittizzie, impedendo cos\u00ec la libera scelta nel voto perch\u00e9 \u00e8 negata l&#8217;informazione . Tutto ci\u00f2 dimostra che oggi e da tempo i partiti non servono a nulla, o forse per i propri elettori fanno pi\u00f9 danno che altro. Che sia un caso che alla Presidenza della Repubblica ci sia un comunista che inneggi\u00f2 alle stragi di Budapest ? Uno cos\u00ec non deve essere l\u00ec, neanche se abiura e se si \u00e8 pentito.<\/p>\n<p>Ma su, figuriamoci, abbiamo anche gli ex terroristi al governo. Mi vergognerei molto di essere italiano, mi sentirei una merda, ma come noto, sono veneto.<\/p>\n<p>Da veneto, leggendo la mia storia, ricordo che i veneti dopo alcuni secoli di repubblica (contro i miseri 60 anni di quella italiana) avevano capito  i partiti erano un problema, perch\u00e9 finiscono inevitabilmente a fare i loro interessi e non quello della popolazione, spesso anche contro gli stessi ideali che li hanno animati.<br \/>\nNella democrazia veneta sostanzialmente i partiti erano vietati e si limitavano a gruppi di opinione senza struttura e rappresentanza legale.<br \/>\nEd \u00e8 sotto gli occhi di tutti che i partiti non servono a nulla e sono pi\u00f9 un danno che altro.<\/p>\n<p>Ora che sapete che quello che dicono \u00e8 falso, e perch\u00e9 lo fanno,<\/p>\n<p>Benvenuti nella nuova percezione della vs realt\u00e0 : LA GRANDE BUGIA<\/p>\n","protected":false},"excerpt":{"rendered":"<p>mon7c03a.pdf Recentemente un certo Andrea D&#8217;Ambra, uno qualunque di noi che per\u00f2 si \u00e8 rotto le scatole pi\u00f9 degli altri, ha messo le mani sulla tastiera e ha realizzato una petizione su internet contro i costi di ricarica dei cellulari. Il costo di ricarica frutta 3000 miliardi di lire\/anno agli operatori, tanti soldi da sanare [&hellip;]<\/p>\n","protected":false},"author":292,"featured_media":0,"comment_status":"open","ping_status":"closed","sticky":false,"template":"","format":"standard","meta":{"advanced_seo_description":"","jetpack_seo_html_title":"","jetpack_seo_noindex":false,"jetpack_post_was_ever_published":false,"_jetpack_newsletter_access":"","_jetpack_dont_email_post_to_subs":false,"_jetpack_newsletter_tier_id":0,"_jetpack_memberships_contains_paywalled_content":false,"_jetpack_memberships_contains_paid_content":false,"footnotes":"","jetpack_publicize_message":"","jetpack_publicize_feature_enabled":true,"jetpack_social_post_already_shared":false,"jetpack_social_options":{"image_generator_settings":{"template":"highway","default_image_id":0,"font":"","enabled":false},"version":2}},"categories":[6],"tags":[],"class_list":["post-23","post","type-post","status-publish","format-standard","hentry","category-politica","has-post-title","has-post-date","has-post-category","has-post-tag","has-post-comment","has-post-author",""],"jetpack_publicize_connections":[],"jetpack_featured_media_url":"","jetpack-related-posts":[],"jetpack_sharing_enabled":true,"jetpack_likes_enabled":true,"builder_content":"","_links":{"self":[{"href":"https:\/\/palmerini.net\/blog\/wp-json\/wp\/v2\/posts\/23","targetHints":{"allow":["GET"]}}],"collection":[{"href":"https:\/\/palmerini.net\/blog\/wp-json\/wp\/v2\/posts"}],"about":[{"href":"https:\/\/palmerini.net\/blog\/wp-json\/wp\/v2\/types\/post"}],"author":[{"embeddable":true,"href":"https:\/\/palmerini.net\/blog\/wp-json\/wp\/v2\/users\/292"}],"replies":[{"embeddable":true,"href":"https:\/\/palmerini.net\/blog\/wp-json\/wp\/v2\/comments?post=23"}],"version-history":[{"count":0,"href":"https:\/\/palmerini.net\/blog\/wp-json\/wp\/v2\/posts\/23\/revisions"}],"wp:attachment":[{"href":"https:\/\/palmerini.net\/blog\/wp-json\/wp\/v2\/media?parent=23"}],"wp:term":[{"taxonomy":"category","embeddable":true,"href":"https:\/\/palmerini.net\/blog\/wp-json\/wp\/v2\/categories?post=23"},{"taxonomy":"post_tag","embeddable":true,"href":"https:\/\/palmerini.net\/blog\/wp-json\/wp\/v2\/tags?post=23"}],"curies":[{"name":"wp","href":"https:\/\/api.w.org\/{rel}","templated":true}]}}