{"id":2087,"date":"2012-07-07T17:27:00","date_gmt":"2012-07-07T16:27:00","guid":{"rendered":"http:\/\/www.palmerini.net\/blog\/?p=2087"},"modified":"2012-11-02T02:26:49","modified_gmt":"2012-11-02T01:26:49","slug":"lo-stato-lombardo-veneto-pronto-alla-causa-internazionale-per-la-restituzione-dellindipendenza","status":"publish","type":"post","link":"https:\/\/palmerini.net\/blog\/lo-stato-lombardo-veneto-pronto-alla-causa-internazionale-per-la-restituzione-dellindipendenza\/","title":{"rendered":"lo Stato Lombardo-Veneto pronto alla causa internazionale per la restituzione dell&#8217;indipendenza"},"content":{"rendered":"<p><a href=\"http:\/\/www.lombardo-veneto.net\"><img loading=\"lazy\" decoding=\"async\" class=\"alignright size-medium wp-image-2089\" title=\"LB6\" src=\"http:\/\/www.palmerini.net\/blog\/wp-content\/uploads\/2012\/07\/LB6-300x44.jpg\" alt=\"\" width=\"400\" height=\"66\" \/><br \/>\nPochi sanno che la Lombardia non ha mai legalmente votato per diventare italiana.<\/a><\/p>\n<p>E&#8217; vero che nel 1848, dopo che gli eserciti di Francia e Sardegna-Piemonte avevano vinto l&#8217;Austria e conquistato parte del Lombardo-Veneto, si fece uno \u201cstato lombardo\u201d e si organizz\u00f2 un plebiscito fasullo per sancire l&#8217;annessione alla Sardegna-Piemonte. Tuttavia l&#8217;anno successivo si cancell\u00f2 lo Stato Lombardo e si riconobbe che era tutto nullo: tornava il Lombardo-Veneto tutto intero.<\/p>\n<p>Solo nel 1859 la Sardegna-Piemonte <!--more-->riconquist\u00f2 la regione \u201cLombardia\u201d del Lombardo-Veneto ma un plebiscito per la convalida dell&#8217;annessione non si fece mai, nemmeno quando nel 1860 si fecero in buona parte della penisola: erano plebisciti notoriamente truccati, fatti con grandi brogli, minacce ai patrioti, truffe organizzate dal governo sardo-piemontese divenuto \u201cRegno d&#8217;Italia\u201d, ma questi plebisciti fasulli internazionalmente erano diventati obbligatori, in virt\u00f9 del diritto all&#8217;autogoverno dei popoli, erano indispensabili perch\u00e9 l&#8217;Italia acquisse il diritto a detenere il territorio. L&#8217;Italia, sfacciatamente, non rispett\u00f2 invece il diritto dei Lombardi!<\/p>\n<p>In quel 1866 il regno d&#8217;Italia non aveva molto interesse al rispetto dei trattati (nemmeno ora) e aveva appena tradito i trattati con la Prussia , tradimento tramite il quela riusc\u00ec ad ottenere il Veneto dall&#8217;Austria ma attraveso un ricatto ( l&#8217;Italia aveva infatti perso militarmente vergognosamente sconfitta a Custoza e nella battaglia navale di Lissa ). Disse all&#8217;Austria: tradisco la Prussia se mi dai il Veneto lo stesso. L&#8217;Austria rifiut\u00f2, ma concesse di passare il Veneto alla Francia che avrebbe gestito l&#8217;annessione dell&#8217;Intero Lombardo-Veneto tramite plebiscito. Si discusse infatti internazionalmente del possesso della Lombardia: le potenze riconobbero che l&#8217;Italia , nonostante il possesso militare della Lombardia dal 1859 al 1866, non ne aveva il possesso legale, insomma gli fu negato il cosiddetto \u201cuti posseditis\u201d, e nel trattato di cessione venne scritto che veniva ceduto l&#8217;intero Lombardo-Veneto. Anche la Lombardia avrebbe dovuto quindi votare per l&#8217;annessione.<\/p>\n<p>La rappresentanza politica dell&#8217;intero Lombardo-Veneto era stata assegnata dai trattati ai veneti perch\u00e9 la capitale politica di quello stato era Venezia, questo in virt\u00f9 del fatto che il Lombardo-Veneto altro non era che lo stato successorio della Repubblica di Venezia con accorpati i territori Lombardi. Questo stato, erede della Repubblica di Venezia, fu riconosciuto tale anche dal Congresso di Vienna del 1814 che fece la restaurazione, ma allora non si pens\u00f2 ai popoli perch\u00e9 gli stati appartenevano ai Re, i popoli non contavano legalmente. Al congresso era altrettanto chiaro che la \u201cLombardia\u201d infatti era solo una divisione amministrativa dell&#8217;Austria, la quale, nel governo della Repubblica Veneta, la divise in molti pezzi, e accorp\u00f2 le terre secolarmente venete di Bergamo e Brescia alla terra storicamente e propriamente lombarda.<\/p>\n<p>Il trattato internazionale di Vienna del 3 ottobre 1866 disponeva quindi il voto di tutto il Lombardo-Veneto, ma l&#8217;Italia non accett\u00f2 questo principio, non pens\u00f2 minimamente a far votare la \u201cLombardia\u201d, che allora come oggi comprendeva circa il 60% della popolazione residente. Insomma, il plebiscito che si organizz\u00f2 nel Veneto (che fino a dopo la II guerra mondiale ha compreso anche Udine e Pordenone) non poteva avere il valore legale di riconoscimento di annessione del Lombardo-Veneto, in quanto si escluse subito dal voto il 60% degli aventi diritto.<\/p>\n<p>Peggio: la stessa legge elettorale fu fatt da un manipolo di burattini del Governo Italiano.<\/p>\n<p>L&#8217;Italia pens\u00f2 solo ad imbrogliare i veneti (ed i lombardi) e nelle trattative internazionali li fece sostituire da un governo \u201cfantoccio\u201d del Governo Italiano. Come ? Tramite un comitato segreto fece minacciare di morte coloro che professavano per l&#8217;indipendenza e coloro che volevano rappresentare i veneti da s\u00e9 per tornare Repubblica di San Marco come nel 1848 (ne parla nel suo libro di memorie il commissario italiano che gest\u00ec il tutto, Thaon di Revel .<\/p>\n<p>Avuto il controllo del governo provvisorio veneto di rappresentanza del Lombardo-Veneto, fu il governo italiano a decidere chi potesse votare: escluse tutta la popolazione femminile (in Toscana gi\u00e0 avevano votato nel 1848), e diede diritto di voto solo ai maschi abbienti cui aveva promesso altri grandi fortune. Per stare tranquillo il governo italiano diede il diritto di voto ai propri soldati, tanto che in molti seggi si registrarono pi\u00f9 voti degli aventi diritto!<\/p>\n<p>Insomma anche il voto, dove si vot\u00f2, era tutto un broglio, minacce di morte, voto palese, ma non solo: lo stesso governo che lo organizzava era fasullo ed illegale per il diritto internazionale, e il risultato del voto (99% favore) dell&#8217;annessione del Lombardo-Veneto \u00e8 assolutamente non vincolante perch\u00e9 la Lombardia non vot\u00f2 in violazione del trattato.<\/p>\n<p>Questi fatti sulla invalidit\u00e0 del voto sul piano internazionale (e interno italiano) sono stati chiariti per lo pi\u00f9 da Loris Palmerini nel 2006, che fece diventare l&#8217;Autogoverno del popolo veneto (nata nel 1999 su sua spinta) la rappresentanza legale del Lombardo-Veneto succedendo al governo dei territori come doveva essere nel 1866. Fin da allora (2006) si \u00e8 portato la questione nei tribunali, inducendo il giudice di Venezia a dichiarare il \u201cdifetto assoluto di giurisdizione\u201d. Purtroppo si \u00e8 dovuto ricominciare a portare la questione di fronte ai giudici nel 2009 poich\u00e9 una precedente causa in Consiglio d&#8217;Europa \u00e8 andata persa per inettitudine del rappresentante che non nomin\u00f2 in tempo l&#8217;avvocato. Sta di fatto che nel dicembre 2010 anche lo Stato Italiano ha annullato l&#8217;annessione del Lombardo-Veneto.<\/p>\n<p>Legalmente il Lombardo-Veneto dunque non \u00e8 territorio italiano, \u00e8 uno stato sovrano, ma il suo popolo, tenuto in censura e militarmente occupato, non ne sa nulla, viene spinto a riconoscere lo stato italiano e i suoi giudici che invece non possono essere legalmente validi perch\u00e9 non imparziali per definizione. Il Lombardo-Veneto viene spremuto per mantenere il resto d&#8217;Italia. O meglio, l&#8217;apparato di regime.<\/p>\n<p>Eppure pu\u00f2 tornare sovrano velocemente, con poco sforzo.<\/p>\n<p>Il 5 luglio del 2012 e Istituzioni di Autogoverno venete (eredi legali) hanno costituito le Istituzioni federali del Lombardo-Veneto, in vista della presentazione della causa internazionale per la liberazione dello stato Lombardo-Veneto dal Governo Italiano invasore fin dal 1859-1866<\/p>\n<p>Il Lombardo-Veneto \u00e8 ora uno stato federale con 3 nazioni (Lombardi, Veneti e Mantovani) i quali hanno ciascuno un proprio autogoverno (una Assemblea elettiva, un Governo nazionale, un Tribunale, le province autonome), che si uniscono in un Senato Federale studiato sul modello della Repubblica Veneta. Il Senato e il Governo infatti sono composti dalle istanze locali, ma anche da alti funzionari, magistrati e una percentuale (15%) di cittadini capaci e meritevoli.<\/p>\n<p>Sono riconosciute anche diverse lingue minoritarie e i meccanismi per il riconoscimento di altre che internazionalmente non sono state classificate ma che esistono.<\/p>\n<p>Il Governo ha ora iniziato la raccolta fondi per la causa internazionale.<\/p>\n<p>Si stima che sia sufficiente 1 milione di Euro per presentare la causa, comprensivo della necessaria propaganda di preparazione delle popolazione e delle organizzazioni internazionale.<\/p>\n<p>Un milione di Euro \u00e8 una cifra ridicola per raggiungere l&#8217;indipendenza, tanto pi\u00f9 per il Lombardo-Veneto. Una volta presentata la causa internazionale si otterr\u00e0 l&#8217;indipendenza in 2 anni circa.<\/p>\n<p>Il Lombardo-Veneto non prender\u00e0 con se i debiti italiani, al contrario, chieder\u00e0 la restituzione delle tasse illegalmente prelevate e il risarcimento del danno subito per occupazione illegale.<\/p>\n<p>Il Lombardo-Veneto con solo 16 milioni circa di cittadini diventer\u00e0 la 4 potenza economica d&#8217;Europa, la 8 del mondo.<\/p>\n<p>Il Lombardo-Veneto una volta in autogoverno effettuer\u00e0 un plebiscito che risponda al requisito internazionale, ed \u00e8 gi\u00e0 stato garantito il diritto di secessione di Lombardi e Mantovani .<\/p>\n<p>E&#8217; gi\u00e0 stato chiesto il riconoscimento a diversi stati, ma siamo solo all&#8217;inizio.<\/p>\n<p>Coloro che pensano di raggiungere l&#8217;indipendenza della Lombardia, del Veneto e del Friuli-Venezia, riflettano bene sui vantaggi del percorso di diritto internazionale:<\/p>\n<p>lo Stato Italiano non da alcuna possibilit\u00e0 legale di fare un referendum per l&#8217;indipendenza<\/p>\n<p>comunque un referendum, dato che il territorio \u00e8 legalmente sovrano, non sarebbe legalmente valido rispetto alla sovranit\u00e0 Lombardo-Veneta<\/p>\n<p>lo Stato Italiano non riconoscer\u00e0 mai l&#8217;autonomia di Veneti e Lombardi, anzi la sta togliendo a chi ce l&#8217;ha: \u00e8 impossibile che si riformi positivamente<\/p>\n<p>ogni percorso politico o referendario richieder\u00e0 almeno 20 anni<\/p>\n<p>nel diritto internazionale non viene riconosciuto fondante il referendum unilaterale di un territorio (come nel caso del Kossovo)<\/p>\n<p>nel diritto internazionale i casi come il Lombardo-Veneto sono gi\u00e0 stati regolati, hanno dei precedenti, per cui se si dovesse negare la sovranit\u00e0 si affermerebbe un nuovo principio di diritto per cui l&#8217;occupazione militare di uno stato \u00e8 legale (come ha fatto l&#8217;Italia): questo scatenerebbe la III guerra mondiale con l&#8217;invasione di Cina, Russia, America e altri di vasti territori.<\/p>\n<p>I proconsoli dei territori, i rappresentanti dei Veneti, Lombardi e Mantovani, le forze economiche e sociali, si facciano avanti per il recupero della sovranit\u00e0.<\/p>\n<p>Coloro che ostacoleranno o tenteranno di deviare l&#8217;inevitabile processo di liberazione subiranno la sanzione economica o penale previste dalle nostre leggi.<\/p>\n<p>Loris Palmerini<\/p>\n<p>presidente pro-tempore del Governo del Lombardo-Veneto<\/p>\n<p><a href=\"http:\/\/www.lombardo-veneto.net\/\">www.lombardo-veneto.net<\/a><\/p>\n","protected":false},"excerpt":{"rendered":"<p>Pochi sanno che la Lombardia non ha mai legalmente votato per diventare italiana. E&#8217; vero che nel 1848, dopo che gli eserciti di Francia e Sardegna-Piemonte avevano vinto l&#8217;Austria e conquistato parte del Lombardo-Veneto, si fece uno \u201cstato lombardo\u201d e si organizz\u00f2 un plebiscito fasullo per sancire l&#8217;annessione alla Sardegna-Piemonte. Tuttavia l&#8217;anno successivo si cancell\u00f2 [&hellip;]<\/p>\n","protected":false},"author":292,"featured_media":2089,"comment_status":"open","ping_status":"closed","sticky":false,"template":"","format":"standard","meta":{"advanced_seo_description":"","jetpack_seo_html_title":"","jetpack_seo_noindex":false,"jetpack_post_was_ever_published":false,"_jetpack_newsletter_access":"","_jetpack_dont_email_post_to_subs":false,"_jetpack_newsletter_tier_id":0,"_jetpack_memberships_contains_paywalled_content":false,"_jetpack_memberships_contains_paid_content":false,"footnotes":"","jetpack_publicize_message":"","jetpack_publicize_feature_enabled":true,"jetpack_social_post_already_shared":false,"jetpack_social_options":{"image_generator_settings":{"template":"highway","default_image_id":0,"font":"","enabled":false},"version":2}},"categories":[12,10,8,15,120,11],"tags":[],"class_list":["post-2087","post","type-post","status-publish","format-standard","has-post-thumbnail","hentry","category-autogoverno-popolo-veneto","category-diritti-umani","category-economia","category-giustizia","category-in-evidenza","category-venetie","has-post-title","has-post-date","has-post-category","has-post-tag","has-post-comment","has-post-author",""],"jetpack_publicize_connections":[],"jetpack_featured_media_url":"https:\/\/palmerini.net\/blog\/wp-content\/uploads\/2012\/07\/LB6-e1343053669157.jpg","jetpack-related-posts":[],"jetpack_sharing_enabled":true,"jetpack_likes_enabled":true,"builder_content":"","_links":{"self":[{"href":"https:\/\/palmerini.net\/blog\/wp-json\/wp\/v2\/posts\/2087","targetHints":{"allow":["GET"]}}],"collection":[{"href":"https:\/\/palmerini.net\/blog\/wp-json\/wp\/v2\/posts"}],"about":[{"href":"https:\/\/palmerini.net\/blog\/wp-json\/wp\/v2\/types\/post"}],"author":[{"embeddable":true,"href":"https:\/\/palmerini.net\/blog\/wp-json\/wp\/v2\/users\/292"}],"replies":[{"embeddable":true,"href":"https:\/\/palmerini.net\/blog\/wp-json\/wp\/v2\/comments?post=2087"}],"version-history":[{"count":0,"href":"https:\/\/palmerini.net\/blog\/wp-json\/wp\/v2\/posts\/2087\/revisions"}],"wp:featuredmedia":[{"embeddable":true,"href":"https:\/\/palmerini.net\/blog\/wp-json\/wp\/v2\/media\/2089"}],"wp:attachment":[{"href":"https:\/\/palmerini.net\/blog\/wp-json\/wp\/v2\/media?parent=2087"}],"wp:term":[{"taxonomy":"category","embeddable":true,"href":"https:\/\/palmerini.net\/blog\/wp-json\/wp\/v2\/categories?post=2087"},{"taxonomy":"post_tag","embeddable":true,"href":"https:\/\/palmerini.net\/blog\/wp-json\/wp\/v2\/tags?post=2087"}],"curies":[{"name":"wp","href":"https:\/\/api.w.org\/{rel}","templated":true}]}}