{"id":2068,"date":"2012-06-16T14:50:28","date_gmt":"2012-06-16T13:50:28","guid":{"rendered":"http:\/\/www.palmerini.net\/blog\/?p=2068"},"modified":"2012-07-24T17:02:34","modified_gmt":"2012-07-24T16:02:34","slug":"gli-speculatori-allassalto-ci-portano-a-scommettere-sulla-catastrofe-economica-di-chi-le-colpe","status":"publish","type":"post","link":"https:\/\/palmerini.net\/blog\/gli-speculatori-allassalto-ci-portano-a-scommettere-sulla-catastrofe-economica-di-chi-le-colpe\/","title":{"rendered":"Gli speculatori all&#8217;assalto ci portano a scommettere sulla catastrofe economica:  di chi le colpe?"},"content":{"rendered":"<p><a href=\"http:\/\/www.palmerini.net\/blog\/wp-content\/uploads\/2012\/06\/banke-governo-popolo.jpg\"><img loading=\"lazy\" decoding=\"async\" src=\"http:\/\/www.palmerini.net\/blog\/wp-content\/uploads\/2012\/06\/banke-governo-popolo-300x199.jpg\" alt=\"\" title=\"banke-governo-popolo\" width=\"300\" height=\"199\" class=\"alignright size-medium wp-image-2073\" srcset=\"https:\/\/palmerini.net\/blog\/wp-content\/uploads\/2012\/06\/banke-governo-popolo-300x200.jpg 300w, https:\/\/palmerini.net\/blog\/wp-content\/uploads\/2012\/06\/banke-governo-popolo-1024x679.jpg 1024w, https:\/\/palmerini.net\/blog\/wp-content\/uploads\/2012\/06\/banke-governo-popolo-1160x769.jpg 1160w, https:\/\/palmerini.net\/blog\/wp-content\/uploads\/2012\/06\/banke-governo-popolo.jpg 550w\" sizes=\"auto, (max-width: 300px) 100vw, 300px\" \/><\/a>Che cosa \u00e8 &#8220;la speculazione&#8221; ?<\/p>\n<p>Intanto cominciamo con il dire che non esiste la &#8220;grande speculazione ebrea&#8221;, essa \u00e8 impossibile gi\u00e0 per il solo fatto  che gli ebrei sono una piccolissima popolazione del mondo, e per quanto potente non pu\u00f2 controllare i destini del mondo intero. Infatti non sembrano avere grandi poteri sulla Cina e sull&#8217;India.<\/p>\n<p>Certamente si resta un po&#8217; basiti nel conoscere le origini ebree di moltissime alte cariche e potenti della terra, per esempio Sarkozy o Fini, e tanti altri.<\/p>\n<p>< !- -more continua a leggere\u2026- ->Ma se questo dimostra che gli ebrei tendenzialmente sanno organizzarsi molto bene per tutelare gli interessi della loro nazione transnazionale e transpartitica, questo non implica necessariamente che essi governino il mondo. Sono molti i NON ebrei nel gruppo Bildeberg, e molti sono gli ebrei contrari al progetto di governo mondiale perseguito dal Bildeberg  (per una interessante analisi vedi <a href=\"http:\/\/ildemocratico.com\/2011\/08\/01\/il-complotto-dietro-strauss-kahn\/\">questo articolo<\/a> )<\/p>\n<p>La &#8220;speculazione&#8221; \u00e8 qualche cosa di molto pi\u00f9 semplice: sono le aspettative degli investitori sul nostro futuro.<\/p>\n<p>Se le condizioni sociali, politiche ed economiche, oltre che ambientali, ci fanno sperare in un futuro migliore, in una ripresa dell&#8217;economia, ciascuno di noi prende delle decisioni in linea con questa attesa. Lo stesso se ci aspettiamo la crisi.<\/p>\n<p>Ad esempio oggi sono pochi coloro che pensano di  sottoscrivere un mutuo di 40 anni per l&#8217;acquisto di  una casa, perch\u00e9 si mette in conto perfino di perdere il lavoro, ci si aspetta una crisi sociale,  e un mutuo simile ci fa rischiare il fallimento economico personale e familiare.<\/p>\n<p>Fino a poco tempo invece fa erano molti a credere  sulle prospettive di miglioramento,  ed erano convinti che la ripresa era  dietro l&#8217;angolo, stava sempre per riprendere, ce l&#8217;avremmo fatta &#8230;. il  governo italiano e la casta raccontavano queste bugie, non solo  per non perdere il posto alle elezioni, anche per guadagnarci  loro stessi con manovre speculative occulte come il referendum truccato per la propriet\u00e0 dell&#8217;acqua, con la quale il popolo ha firmato la vendit del suo patrimonio societario pubblico. Io al contrario, non avendo interessi,  gi\u00e0 dal 2007 invitavo a sottoscrivere mutui solo  a tasso fisso se basso, perch\u00e9  il tasso BCE era molto basso e non poteva scendere granch\u00e9, come \u00e8 stato. Chi mi ha seguito oggi guadagna e lo far\u00e0 per molti anni.<\/p>\n<p>Infatti un mutuo dura pi\u00f9 di un matrimonio,  \u00e8 destinato a passare attraverso 1 o 2 crisi durante la sua durata.<\/p>\n<p>E  dai tempi della repubblica Veneta che non si ricorda un periodo di crescita continuo  che duri pi\u00f9 di 20 anni, ed anzi \u00e8 certo che  ad ogni periodo di crescita segua sempre una crisi di qualche tipo, economica o sociale, o del petrolio, una guerra &#8230;..<\/p>\n<p>Insomma la  decisione di fare un mutuo a tasso variabile  \u00e8 quasi sempre sbagliata, perch\u00e9 le condizioni di &#8220;sviluppo&#8221; e crescita sono sempre temporanee, non superano mai i 10-20 anni.<\/p>\n<p>E&#8217; una assurdit\u00e0 storica  sottoscrivere un mutuo della durata di 30 anni, o perfino 40 come succedeva fino a poco tempo fa, specie se a tasso variabile: \u00e8 come firmare  la propria disgrazia economica in l\u00e0 nel tempo: nel lungo termine, prima o dopo arriva una crisi e sei fregato. <\/p>\n<p>Chi  fa un mutuo del genere e non ha capitali , allora non ha coscienza storica, non pensa correttamente  al futuro.<\/p>\n<p>Ragionare in questi termini  &#8220;considerare e indagare con la ragione&#8221;, non solo nell&#8217;ambito economico,  \u00e8 l originario significato del verbo &#8220;speculare&#8221; ossia,<\/p>\n<p>\u00e8 un atteggiamento &#8220;speculativo&#8221; .<\/p>\n<p>Occorre riportare la parola &#8220;speculazione&#8221; al suo originario valore di &#8220;ragionamento&#8221;.<\/p>\n<p>Allora perch\u00e9 mai i mercati dovrebbero dare all&#8217;Italia i soldi con gli stessi criteri che li da alla Germania?<\/p>\n<p>L&#8217;Italia offre le stesse caratteristiche sociali, culturali, istituzionali della Germania?<\/p>\n<p>Come mai in Italia ci sono i notai che in Germania non esistono?<\/p>\n<p>Come mai in Italia ci sono i bolli che in Germania non esistono (ne esiste solo uno di 12 euro per l&#8217;acquisto della casa) ?<\/p>\n<p>Come mai in Italia ci sono 2,5 milioni di Invalidi su 60 milioni di cittadini e in Germania ci sono 1,5 milioni di invalidi su 90 milioni di abitanti ?<\/p>\n<p>Come mai in Italia ci sono circa 60.000 guardie forestali (22.000 in Sicilia) e in Germania sicuramente meno delle 5000 del Canada ?<\/p>\n<p>Vogliamo continuare ? La lista delle &#8220;rogne&#8221; italiane \u00e8 lunga, e l&#8217;ho gi\u00e0 data.<\/p>\n<p>La pi\u00f9 grande delle &#8220;rogne&#8221; d&#8217;Italia \u00e8 la sua casta politico-mafiosa, che sarebbe meglio chiamare &#8220;la crosta&#8221;.<\/p>\n<p>La Crosta e&#8217; un organismo alieno dalla popolazione, un gruppo ampio di persone parassitario, delinquenziale, criminogeno.<\/p>\n<p>La Crosta \u00e8 la  testa marcia di un pesce di scarsa qualit\u00e0, perch\u00e9 anche gli &#8220;italiani&#8221; non sono un granch\u00e8 nella media.<\/p>\n<p>Diciamocelo senza arrabbiarci e con onest\u00e0:  gli italiani sono un insieme di popoli diversi che uniti a forza dalle potenze europee sono costretti a convivere.<\/p>\n<p>Se si preferisce la mia espressione per il 2012 &#8220;L&#8217;Italia \u00e8 un prodotto bancario fallito&#8221;.<\/p>\n<p>Pazienza per la storia, ma l&#8217;evidenza \u00e8 che questi popoli italici diversi, invece di migliorare fra di loro copiando gli uni dagli altri le cose virtuose , si fottono e &#8220;chiagnono&#8221; e tendono a &#8220;unificare&#8221; i peggiori comportamenti , cosicch\u00e9 la &#8220;mafia&#8221; \u00e8 arrivata anche in Veneto, una volta patria mondiale della legalit\u00e0 e delle libert\u00e0 civili.<\/p>\n<p>E lo stesso fa la casta politica, chiagnono e fottono per il popolo e si fregano fra loro.<\/p>\n<p>Questo comportamento degli &#8220;italiani&#8221; \u00e8 millenario, Montanelli lo ripeteva continuamente.<\/p>\n<p>La Crosta \u00e8 il prodotto finale dell&#8217;Unit\u00e0 d&#8217;Italia, di popoli tenuti assieme dalle banche, mentre l&#8217;altro prodotto unitario \u00e8 stato il fascismo, che ha portato alla miseria ugualmente.<\/p>\n<p>Se io fossi un investitore, non darei  i miei soldi ad un paese cos\u00ec,  con un presidente pi\u00f9 vicino ai 100 anni che ai 50, con una popolazione senza giovani che crescano, con la crosta e tutte le rogne che abbiamo detto.<\/p>\n<p>E&#8217; la Crosta stessa che accusa la &#8220;speculazione&#8221; contro l&#8217;Italia, e non  fa altro che il vecchio gioco delle dittature che accusano il &#8220;nemico esterno&#8221; delle proprie colpe.<\/p>\n<p>Investire in un paese cos\u00ec \u00e8 rischioso. Da investitore posso ancora prestare del denaro alla Crosta che governa il paese,  ma voglio un interesse pi\u00f9 alto che dalla Germania. La Germania non \u00e8 a rischio, infatti non paga interessi, garantisce il denaro come o meglio dell&#8217;oro.<\/p>\n<p>Lo &#8220;Spread&#8221; non \u00e8 altro che il termometro di quanto la nostra immagine all&#8217;estero sia negativa.<\/p>\n<p>Se stimo meno di 6 mesi di vita prima di un tracollo, voglio interessi ancora pi\u00f9 alti e pagati a piccole rate mensili.<\/p>\n<p>Lo Spread aumenta quando per i 6 mesi futuri gli investitori  ipotizzano problemi maggiori, e rischi vari.<\/p>\n<p>Lo spread poi \u00e8 solo una parte dell'&#8221;Interesse&#8221; sui BTP, CCT ecc.<\/p>\n<p>Il tasso di interesse globale sui titoli di stato \u00e8 la febbre delle  nostre malattie sociali e istituzionali.<\/p>\n<p>Lo Spread misura solo la distanza dalla Germania, non quella dal mondo.<\/p>\n<p>Monti non ha migliorato la situazione, ha solo avuto un  momento in cui lo Spread si \u00e8 abbassato, ma non perch\u00e9 le nostre prospettive globali  erano migliorate, il tasso di interesse era lo stesso, erano solo  peggiorate le prospettive  tedesche, e lo spread si era ridotto!<\/p>\n<p>Monti \u00e8 solo al servizio  fedele dei politici e dei banchieri, uniti in una prospettiva di  peggioramento dell&#8217;Italia, che ovviamente non dichiarano per non permettere a noi di salvarci il culo.<\/p>\n<p>Torner\u00f2 a spiegare l&#8217;agire degli &#8220;speculatori&#8221;, ma intanto guardiamola bene la speculazione: esso \u00e8 il riflesso del nostro agire.<\/p>\n<p>Io vi dico queste cose favorendo il loro investimento sul peggioramento, ma  allo stesso tempo,  ho indicato come uscirne subito : lo Stato prenda in prestito i soldi dalla BCE tramite una banca dello Stato (art.123 comma 2 del trattato di Lisbona).<\/p>\n<p>Perch\u00e9 Monti non lo fa ? Perch\u00e9 \u00e8 al servizio della Crosta e delle Banche, e del progetto mondialista  che vuole distruggere le nazioni per tornare ai &#8220;feudi&#8221;, per\u00f2 in mano ai banchieri anzich\u00e9 agli antichi &#8220;principi&#8221; e &#8220;re&#8221;.<\/p>\n<p>La Crosta ora sta vendendo i beni dello Stato, con la co-partecipazione o co-spirazione delle Banche e dei governi.<\/p>\n<p>Agli &#8220;altri&#8221; interessa solo non condividere con gli &#8220;italiani&#8221; un destino schifoso, una servit\u00f9 alla &#8220;crosta&#8221;, un mal di vivere generalizzato che fa emigrare perfino gli immigrati.<\/p>\n<p>Se vogliamo uscire da questa situazione la soluzione c&#8217;\u00e8 , l&#8217;ho proposta, ma occorre che la gente si faccia avanti  a me per il governo popolare degli Stati.<\/p>\n<p>Possiamo liberarci della crosta legalmente, pacificamente, e definitivamente, con una ricetta diversa dall&#8217; Islanda  che non prevede il coinvolgimento delle grandi masse, perch\u00e9 l&#8217;Italia \u00e8 disunita negli interessi territoriali.<\/p>\n<p>Se nemmeno noi sappiamo fare i nostri interessi , perch\u00e9 ci si aspetta che lo facciano gli altri e se non lo fanno li chiamiamo &#8220;speculatori&#8221; ?<\/p>\n","protected":false},"excerpt":{"rendered":"<p>Che cosa \u00e8 &#8220;la speculazione&#8221; ? Intanto cominciamo con il dire che non esiste la &#8220;grande speculazione ebrea&#8221;, essa \u00e8 impossibile gi\u00e0 per il solo fatto che gli ebrei sono una piccolissima popolazione del mondo, e per quanto potente non pu\u00f2 controllare i destini del mondo intero. Infatti non sembrano avere grandi poteri sulla Cina [&hellip;]<\/p>\n","protected":false},"author":292,"featured_media":2073,"comment_status":"open","ping_status":"closed","sticky":false,"template":"","format":"standard","meta":{"advanced_seo_description":"","jetpack_seo_html_title":"","jetpack_seo_noindex":false,"jetpack_post_was_ever_published":false,"_jetpack_newsletter_access":"","_jetpack_dont_email_post_to_subs":false,"_jetpack_newsletter_tier_id":0,"_jetpack_memberships_contains_paywalled_content":false,"_jetpack_memberships_contains_paid_content":false,"footnotes":"","jetpack_publicize_message":"","jetpack_publicize_feature_enabled":true,"jetpack_social_post_already_shared":false,"jetpack_social_options":{"image_generator_settings":{"template":"highway","default_image_id":0,"font":"","enabled":false},"version":2}},"categories":[8,120,6],"tags":[],"class_list":["post-2068","post","type-post","status-publish","format-standard","has-post-thumbnail","hentry","category-economia","category-in-evidenza","category-politica","has-post-title","has-post-date","has-post-category","has-post-tag","has-post-comment","has-post-author",""],"jetpack_publicize_connections":[],"jetpack_featured_media_url":"https:\/\/palmerini.net\/blog\/wp-content\/uploads\/2012\/06\/banke-governo-popolo.jpg","jetpack-related-posts":[],"jetpack_sharing_enabled":true,"jetpack_likes_enabled":true,"builder_content":"","_links":{"self":[{"href":"https:\/\/palmerini.net\/blog\/wp-json\/wp\/v2\/posts\/2068","targetHints":{"allow":["GET"]}}],"collection":[{"href":"https:\/\/palmerini.net\/blog\/wp-json\/wp\/v2\/posts"}],"about":[{"href":"https:\/\/palmerini.net\/blog\/wp-json\/wp\/v2\/types\/post"}],"author":[{"embeddable":true,"href":"https:\/\/palmerini.net\/blog\/wp-json\/wp\/v2\/users\/292"}],"replies":[{"embeddable":true,"href":"https:\/\/palmerini.net\/blog\/wp-json\/wp\/v2\/comments?post=2068"}],"version-history":[{"count":0,"href":"https:\/\/palmerini.net\/blog\/wp-json\/wp\/v2\/posts\/2068\/revisions"}],"wp:featuredmedia":[{"embeddable":true,"href":"https:\/\/palmerini.net\/blog\/wp-json\/wp\/v2\/media\/2073"}],"wp:attachment":[{"href":"https:\/\/palmerini.net\/blog\/wp-json\/wp\/v2\/media?parent=2068"}],"wp:term":[{"taxonomy":"category","embeddable":true,"href":"https:\/\/palmerini.net\/blog\/wp-json\/wp\/v2\/categories?post=2068"},{"taxonomy":"post_tag","embeddable":true,"href":"https:\/\/palmerini.net\/blog\/wp-json\/wp\/v2\/tags?post=2068"}],"curies":[{"name":"wp","href":"https:\/\/api.w.org\/{rel}","templated":true}]}}