{"id":199,"date":"2008-03-31T14:09:25","date_gmt":"2008-03-31T13:09:25","guid":{"rendered":"http:\/\/www.palmerini.net\/blog\/?p=199"},"modified":"2008-03-31T23:55:50","modified_gmt":"2008-03-31T22:55:50","slug":"il-gigante-buono-e-oppresso","status":"publish","type":"post","link":"https:\/\/palmerini.net\/blog\/il-gigante-buono-e-oppresso\/","title":{"rendered":"Il gigante buono e oppresso"},"content":{"rendered":"<p><a href=\"http:\/\/www.palmerini.net\/blog\/wp-content\/uploads\/2008\/03\/maps_graphs_c_it.pdf\"><img loading=\"lazy\" decoding=\"async\" src=\"http:\/\/www.palmerini.net\/blog\/wp-content\/uploads\/2008\/03\/pil_pro_capita_europe2000.jpg\" alt=\"pil_pro_capita_europe2000.jpg\" align=\"right\" height=\"631\" width=\"455\" \/><\/a>Molti economisti, politici, sindacalisti, giornalisti, media e scrittori rappresentano le Venetie come quel &#8220;Nord Est&#8221; egoista, razzista, ignorante, evasore ed in fin dei conti frutto di un modello destinato a fallire.<\/p>\n<p>E questa idea viene alimentata negli italiani fino a farlo credere vero alle persone comuni e perfino agli stessi venetisti che, come tutti i popoli &#8220;colonizzati&#8221; disprezzano i veneti stessi.La realt\u00e0 invece \u00e8 quella che da anni vado dicendo via email a migliaia di persone e che pi\u00f9 volte ho sostenuto anche in questo sito, ossia che la realt\u00e0 \u00e8 l&#8217;opposto di quello che si racconta.<\/p>\n<p>Ecco i dati Eurostat, l&#8217;istituto statistico della Unione Europea, che sono sempre stati la fonte delle mie rivelazioni. La realt\u00e0 che emerge \u00e8 che i veneti sono ancora il Cardine d&#8217;Europa, come scrisse quello scrittore Inglese.<\/p>\n<p>Secondo i dati fino al 2000, i veneti sono il fulcro dell&#8217;area pi\u00f9 economicamente sviluppata d&#8217;Europa, con reddito  2,5 volte quello della media Europea, reddito che tutta via gli viene derubato riducendoli a popolo dal reddito disponibile medio basso.<\/p>\n<p>Nonostante la fortissima immigrazione, i veneti hanno una cultura nella media Europea (misurata secondo i titoli di studio), \u00e8 ci\u00f2 nonostante una media maggiore di quella del sud Italia. Nel complesso l&#8217;Italia \u00e8 un paese ignorante.<\/p>\n<p>I veneti sono grandi lavoratori con tasso di disoccupazione basso.<\/p>\n<p>Oltre alla grande cultura, i veneti hanno una capacit\u00e0 di innovazione tecnica superiore, nella media Europea, e di gran lunga diversa da quella del sud Italia dove le catastrofi tecniche sono all&#8217;ordine del giorno.<\/p>\n<p>Nonostante questi dati, i servizi erogati ai veneti sono scarsi, e se paragonati al reddito prodotto sono discriminatori. Non c&#8217;\u00e8 meritocrazia o proporzionalit\u00e0 fra dare e avere.<\/p>\n<p>Tutti questi dati sono falsati verso il basso specie sulla questione economica, perch\u00e9 molte aziende che producono nelle Venetie hanno sede fiscale nel milanese e nel romano, cos\u00ec da far risultare l\u00ec il reddito prodotto cos\u00ec come le tasse occulte non rendono giustizia del furto economico a cui i veneti sono soggetti dalla stato occupante italiano.<\/p>\n<p>Le Venetie sono una societ\u00e0 diversa e figlia diretta della Repubblica Veneta, non dell&#8217;Italia, ed infatti l&#8217;economia \u00e8 diverso fatta di una microimpresa familiare capace di reggere la concorrenza mondiale, pur nella oppressione delle banche e delle grandi imprese. Un modello inviso sia al liberismo che al comunismo delle grandi massonerie.<\/p>\n<p>Non mi dilungo a raccontare come i veneti vengano spesso rappresentati nei film come maschi stupidi e femmine puttane che fanno le cameriere.<\/p>\n<p>L&#8217;Italia \u00e8 razzista perch\u00e9 ha paura che veneti si sveglino e smettano di mantenere la baracca.<\/p>\n<p><a href=\"http:\/\/www.palmerini.net\/blog\/wp-content\/uploads\/2008\/03\/maps_graphs_c_it.pdf\" target=\"_blank\">Ecco il file dei dati statistici preso da Eurostat.<\/a><\/p>\n<p>Tutti questi soldi derubati ai veneti finiscono nelle mani della mafia che attraverso la politica costruisce cattedrali nel desertto e strutture inutili, cose denunciate anche ieri dalla trasmissione Report di Rai 3.<\/p>\n<p>Dunque  l&#8217;Indipendenza del Popolo Veneto \u00e8 un dovere etico di ogni persona, in modo da togliere il sangue al cancro del governo italiano che affligge tutti i popoli italiani.<\/p>\n","protected":false},"excerpt":{"rendered":"<p>Molti economisti, politici, sindacalisti, giornalisti, media e scrittori rappresentano le Venetie come quel &#8220;Nord Est&#8221; egoista, razzista, ignorante, evasore ed in fin dei conti frutto di un modello destinato a fallire. E questa idea viene alimentata negli italiani fino a farlo credere vero alle persone comuni e perfino agli stessi venetisti che, come tutti i [&hellip;]<\/p>\n","protected":false},"author":292,"featured_media":0,"comment_status":"open","ping_status":"closed","sticky":false,"template":"","format":"standard","meta":{"advanced_seo_description":"","jetpack_seo_html_title":"","jetpack_seo_noindex":false,"jetpack_post_was_ever_published":false,"_jetpack_newsletter_access":"","_jetpack_dont_email_post_to_subs":false,"_jetpack_newsletter_tier_id":0,"_jetpack_memberships_contains_paywalled_content":false,"_jetpack_memberships_contains_paid_content":false,"footnotes":"","jetpack_publicize_message":"","jetpack_publicize_feature_enabled":true,"jetpack_social_post_already_shared":false,"jetpack_social_options":{"image_generator_settings":{"template":"highway","default_image_id":0,"font":"","enabled":false},"version":2}},"categories":[12,8,6,11],"tags":[],"class_list":["post-199","post","type-post","status-publish","format-standard","hentry","category-autogoverno-popolo-veneto","category-economia","category-politica","category-venetie","has-post-title","has-post-date","has-post-category","has-post-tag","has-post-comment","has-post-author",""],"jetpack_publicize_connections":[],"jetpack_featured_media_url":"","jetpack-related-posts":[],"jetpack_sharing_enabled":true,"jetpack_likes_enabled":true,"builder_content":"","_links":{"self":[{"href":"https:\/\/palmerini.net\/blog\/wp-json\/wp\/v2\/posts\/199","targetHints":{"allow":["GET"]}}],"collection":[{"href":"https:\/\/palmerini.net\/blog\/wp-json\/wp\/v2\/posts"}],"about":[{"href":"https:\/\/palmerini.net\/blog\/wp-json\/wp\/v2\/types\/post"}],"author":[{"embeddable":true,"href":"https:\/\/palmerini.net\/blog\/wp-json\/wp\/v2\/users\/292"}],"replies":[{"embeddable":true,"href":"https:\/\/palmerini.net\/blog\/wp-json\/wp\/v2\/comments?post=199"}],"version-history":[{"count":0,"href":"https:\/\/palmerini.net\/blog\/wp-json\/wp\/v2\/posts\/199\/revisions"}],"wp:attachment":[{"href":"https:\/\/palmerini.net\/blog\/wp-json\/wp\/v2\/media?parent=199"}],"wp:term":[{"taxonomy":"category","embeddable":true,"href":"https:\/\/palmerini.net\/blog\/wp-json\/wp\/v2\/categories?post=199"},{"taxonomy":"post_tag","embeddable":true,"href":"https:\/\/palmerini.net\/blog\/wp-json\/wp\/v2\/tags?post=199"}],"curies":[{"name":"wp","href":"https:\/\/api.w.org\/{rel}","templated":true}]}}