{"id":19015,"date":"2019-03-01T17:31:42","date_gmt":"2019-03-01T16:31:42","guid":{"rendered":"http:\/\/www.palmerini.net\/blog\/?p=19015"},"modified":"2020-05-25T15:01:07","modified_gmt":"2020-05-25T14:01:07","slug":"al-presidente-della-repubblica-ed-al-governo-non-esiste-alcun-obbligo-vaccinale-ne-puo-esistere-i-bambini-non-possono-essere-discriminati","status":"publish","type":"post","link":"https:\/\/palmerini.net\/blog\/al-presidente-della-repubblica-ed-al-governo-non-esiste-alcun-obbligo-vaccinale-ne-puo-esistere-i-bambini-non-possono-essere-discriminati\/","title":{"rendered":"AL PRESIDENTE DELLA REPUBBLICA ED AL GOVERNO: NON ESISTE ALCUN OBBLIGO VACCINALE, NE&#8217; PU\u00d2 ESISTERE.  I BAMBINI NON POSSONO ESSERE  DISCRIMINATI"},"content":{"rendered":"<!--themify_builder_content-->\n<div id=\"themify_builder_content-19015\" data-postid=\"19015\" class=\"themify_builder_content themify_builder_content-19015 themify_builder tf_clear\">\n                    <div  data-lazy=\"1\" class=\"module_row themify_builder_row tb_56ca418 tb_first tf_w\">\n                        <div class=\"row_inner col_align_top tb_col_count_1 tf_box tf_rel\">\n                        <div  data-lazy=\"1\" class=\"module_column tb-column col-full tb_1e4e064 first\">\n                    <!-- module image -->\n<div  class=\"module module-image tb_150fe95 image-right   tf_mw\" data-lazy=\"1\">\n        <div class=\"image-wrap tf_rel tf_mw\">\n            <img loading=\"lazy\" decoding=\"async\" src=\"https:\/\/www.palmerini.net\/blog\/wp-content\/uploads\/2019\/03\/Repubblica_Italiana700x700-570x600.jpeg\" width=\"380\" height=\"400\" title=\"AL PRESIDENTE DELLA REPUBBLICA ED AL GOVERNO: NON ESISTE ALCUN OBBLIGO VACCINALE, NE&#8217; PU\u00d2 ESISTERE.  I BAMBINI NON POSSONO ESSERE  DISCRIMINATI\" alt=\"AL PRESIDENTE DELLA REPUBBLICA ED AL GOVERNO: NON ESISTE ALCUN OBBLIGO VACCINALE, NE&#8217; PU\u00d2 ESISTERE.  I BAMBINI NON POSSONO ESSERE  DISCRIMINATI\">    \n        <\/div>\n    <!-- \/image-wrap -->\n    \n        <\/div>\n<!-- \/module image -->        <\/div>\n                        <\/div>\n        <\/div>\n        <\/div>\n<!--\/themify_builder_content-->\n\n\n<p>Oggi primo marzo 2019 abbiamo  sollecitato  presso la Presidenza della Repubblica  la conclusione dell&#8217;Istanza che palesa come incostituzionale l&#8217; obbligo vaccinale . <\/p>\n\n\n\n<p>L&#8217;obbligo vaccinale della legge n\u00b0119\/2017 &#8221; Lorenzin&#8221; \u00e8 infatti una &#8220;fake news&#8221;, non esiste alcun obbligo vaccinale reale, perch\u00e9 nel 2001 il Parlamento Italiano con legge n\u00b0 145 ha ratificato e resa esecutiva la Convenzione di Oviedo, nota come <em>Convenzione per la protezione dei diritti dell\u2019uomo e della dignit\u00e0 dell\u2019essere umano riguardo all\u2019applicazione della biologia e della medicina<\/em>. L&#8217;unica cosa che realizza la legge Lorenzin \u00e8 un sistema di ricatto verso quei genitori che sono costretti a mandare i propri bimbi nei nidi e nelle scuole dell&#8217;infanzia statali o parificati, ma se hanno alternative non vengono affatto obbligati a vaccinare e non possono essere obbligati.<\/p>\n\n\n\n<p>Infatti non \u00e8 possibile obbligare nessuno a vaccinare o a vaccinarsi perch\u00e9 la Convenzione di Oviedo riconosce che ogni &#8220;<em>..intervento nel campo della salute non pu\u00f2 essere effettuato se non dopo che la persona interessata abbia dato consenso libero e informato.<\/em>&#8221; la qual cosa significa che &#8220;<em>.. la persona riceve innanzitutto una informazione adeguata sullo scopo e sulla natura dell\u2019intervento e sulle sue conseguenze e i suoi rischi.<\/em>&#8221; (art.5).  Questi sono &#8220;diritti umani&#8221;, quindi inalienabili per l&#8217;art.2 della Costituzione: n\u00e9 lo Stato, n\u00e9 la Collettivit\u00e0 possono negarli, nemmeno per ragioni di salute pubblica perch\u00e9 esiste il &#8220;<em>Primato dell\u2019essere umano<\/em>&#8221; per il quale &#8220;<em>L\u2019interesse e il bene dell\u2019essere umano debbono prevalere sul solo interesse della societ\u00e0 o della scienza.<\/em>&#8221; (art.2 Convenzione di Oviedo).<\/p>\n\n\n\n<p>Poich\u00e9 per legge internazionale ratificata ed esecutiva ogni essere umano deve acconsentire alla vaccinazione (per i minori immaturi devono acconsentire i genitori) \u00e8 dunque ovvio che legalmente non esiste alcun obbligo vaccinale, quello della &#8220;legge&#8221; Lorenzin \u00e8 una &#8220;fake news&#8221;.<\/p>\n\n\n\n<p>La Convenzione di Oviedo per altro vieta le sperimentazioni sui bambini, ed  invece attualmente le vaccinazioni vengono fatte anche sperimentalmente, ossia illegalmente, perch\u00e9 esistendo metodi  alternativi alla sperimentazione, meno rischiosi, la Convenzione di Oviedo in tali casi vieta la sperimentazione perch\u00e9 effettuata su minori .<\/p>\n\n\n\n<p>Quando nel agosto 2017 abbiamo portato in Corte Costituzionale la questione della Convenzione di Oviedo, nonostante pure la Regione Veneto abbia aderito alle nostre tesi nelle memorie aggiunte (ma fatto solo all&#8217;ultimo e quindi tardivamente), la Corte Costituzionale ci ha rifiutato la partecipazione al procedimento  evitando cos\u00ec di trattare la questione, ma siccome avevamo il diritto di intervenire  in base alla Convenzione-Quadro sulle minoranze nazionali, la Corte ha violato anche quel trattato. Tuttavia abbiamo ottenuto l&#8217;effetto che il Governo si \u00e8 accorto del problema, ha silenziosamente reintrodotto nei servizi vaccinali la firma del  &#8220;consenso informato&#8221; che era stato eliminato dalla legge incostituzionale Lorenzin. E poi di fatto ha prorogato i termini in modo che la legge Lorenzin fosse nel concreto priva di efficacia. Certo, ci sono stati singoli casi di abuso, ma la stessa Lorenzin ha sospeso i termini per il divieto di accesso ai nidi e scuole dell&#8217;infanzia statali e parificati. <\/p>\n\n\n\n<p>Oggi quando un genitore porta un figlio a vaccinare gli viene chiesto di firmare il Consenso Informato, e se non lo firma il medico non pu\u00f2 procedere (sarebbe reato), quindi \u00e8 chiaro che non esiste alcun obbligo vaccinale. Leggendo bene questo modulo di &#8220;consenso&#8221; si scopre che ci sono rischi di grossi guai nel vaccinare essendo farmaci non del tutto sicuri ed in molte casistiche di tipologia individuale non sono stati testati e vengono somministrati anche in casi non verificati come le donne incinte. Che i danni ed i morti da vaccino esistano lo dimostra la cronaca e la legge di risarcimento del danno, ad oggi sono molte centinaia i danneggiati risarciti, ma non \u00e8 per niente facile vedere riconosciuto il danno nonostante non sia affatto raro. Dove si \u00e8 provveduto alla segnalazione obbligatoria dei danni si \u00e8 registrato un numero di casi anche 10 volte superiore. <\/p>\n\n\n\n<p>La legge n\u00b0 145 del 2001 , nel  ratificare la  Convenzione di Oviedo ne ha dato  &#8220;Piena e intera esecuzione&#8221;, ed \u00e8 pubblicata sulla Gazzetta Ufficiale, quindi \u00e8 legge che si applica nel territorio Italiano, ed infatti dal 2001 sono pure intervenute diverse leggi che ordinavano al governo il compito di adattare o cancellare le leggi interne che non fossero pi\u00f9 compatibili. <\/p>\n\n\n\n<p>Fra queste leggi di attuazione della Convenzione di Oviedo quella sul fine vita,  approvata in fretta e  d&#8217;improvviso subito dopo che abbiamo portato la questione in Corte Costituzionale, ossia sul finire del 2017, perch\u00e9 la Convenzione di Oviedo gi\u00e0 parla del fine vita. Alla luce della Convenzione di Oviedo  i casi come quelli di Eluana Englaro (del 2009), od altri,  andavano letti e gestiti in tutt&#8217;altro modo fin dal 2001. <\/p>\n\n\n\n<p>La legge di ratifica del 2001 ha demandato al Presidente della Repubblica il deposito della ratifica presso il Consiglio d&#8217;Europa ma i Presidenti fin da allora non hanno adempiuto non rispettando il parlamento e la sovranit\u00e0 popolare che esprime, oltre che il diritto internazionale. Tuttavia il mancato deposito al Consiglio d&#8217;Europa non toglie efficacia alla Convenzione nel territorio della Repubblica Italiana, e comunque nei Paesi del Consiglio d&#8217;Europa la Convenzione \u00e8 in vigore fin dal 1999. Stiamo parlando di diritti umani, protetti  quindi dall&#8217;art.2 Cost, ma anche richiamati dall&#8217;art.32 Cost.<\/p>\n\n\n\n<p>Comunque, data l&#8217;esistenza della legge Lorenzin (n\u00b0119\/2017) che contrasta con la Convenzione di Oviedo, gi\u00e0 a dicembre, e di nuovo nel giugno 2018 abbiamo fatto Istanza al Presidente della Repubblica affinch\u00e9 depositi lo strumento di ratifica, ossia che adempia a quanto ordinato dalla L.n.145\/2001 . Si tratta di un atto amministrativo, non politico, nessun pu\u00f2 negare i diritti umani riconosciuti da una legge internazionale ratificata e resa esecutiva, ed un&#8217;alta istituzione che lo facesse sarebbe di fatto in violazione della Costituzione per negazione di diritti umani. <\/p>\n\n\n\n<p>D&#8217;altra parte, dato che la Convenzione di Oviedo si applica nel territorio italiano per la legge n\u00b0145 del 2001, come \u00e8 stato possibile che sia stata approvata e pubblicata una legge cos\u00ec discussa e divisiva come la legge n\u00b0119 del 2007 che parla di &#8220;obbligo vaccinale&#8221;.   <\/p>\n\n\n\n<p>Abbiamo evidenziato che la legge Lorenzin \u00e8 in violazione degli articoli  2, 3, 10, 31 c.2, 32 c.2, 33 c1, 34 e 37 c.1 della Costituzione, perch\u00e9 non solo nega i diritti della Convenzione di Oviedo, ma pure quelli dei bambini, delle madri, delle famiglie e delle lavoratrici. La legge Lorenzin ha devastato intere famiglie costrette dalle contingenze economiche a vaccinare forzatamente, meno danneggiate le famiglie o le madri che avevano invece disponibilit\u00e0 economiche e di soluzioni alternative. La legge Lorenzin ha costretto un gran numero di non abbienti a vaccinare.  <\/p>\n\n\n\n<p>L&#8217;Istanza al Presidente della Repubblica mira proprio a responsabilizzare le Istituzioni e chi convalida le leggi in modo che non solo la legge Lorenzin venga spazzata via, ma anche che non si parli pi\u00f9 di obbligo vaccinale per nessun bambino. Questo vale anche per il DDL 770 in corso di elaborazione.<\/p>\n\n\n\n<p>Per concludere, non esiste alcun &#8220;obbligo vaccinale&#8221;, \u00e8 una &#8220;fake news&#8221;,  ma esiste invece una legge ricattatoria, la legge Lorenzin, che discriminando e negando diritti ai bambini e alle famiglie impedisce ai bimbi non vaccinati l&#8217;accesso a nidi e scuole dell&#8217;infanzia statali o parificati.<\/p>\n\n\n\n<p>Il primo di marzo 2019 abbiamo inviato un sollecito affinch\u00e9 il Presidente compliti l&#8217;Iter di deposito, cos\u00ec prenda atto degli errori della legge Lorenzin, ed il governo prenda in mano la questione dell&#8217;esclusione discriminatoria ed illegale che essa produce.  Per questo abbiamo mandato l&#8217;Istanza ed il Sollecito anche alla Presidenza del Consiglio per conoscenza.<\/p>\n\n\n\n<p>E&#8217; importante che ogni essere umano, per la propria libert\u00e0, sottoscriva l&#8217; Istanza inviata al Presidente della Repubblica, perch\u00e9 il principio della Convenzione di Oviedo della inviolabilit\u00e0 del corpo umano non riguarda solo la vaccinazione, ma anche ogni progetto di inserimento obbligatorio di microchip . Anche per restare aggiornati Firma in  <a href=\"https:\/\/www.palmerini.net\/blog\/istanza-al-presidente-per-oviedo\/\">https:\/\/www.palmerini.net\/istanza<\/a><br \/><\/p>","protected":false},"excerpt":{"rendered":"<p>L&#8217;obbligo vaccinale della legge n\u00b0119\/2017 &#8221; Lorenzin&#8221; \u00e8 infatti una &#8220;fake news&#8221;, non esiste alcun obbligo vaccinale reale, perch\u00e9 nel 2001 il Parlamento Italiano con legge n\u00b0 145 ha ratificato e resa esecutiva la Convenzione di Oviedo, nota come Convenzione per la protezione dei diritti dell\u2019uomo e della dignit\u00e0 dell\u2019essere umano riguardo all\u2019applicazione della biologia [&hellip;]<\/p>\n","protected":false},"author":293,"featured_media":19176,"comment_status":"open","ping_status":"open","sticky":false,"template":"","format":"standard","meta":{"advanced_seo_description":"","jetpack_seo_html_title":"","jetpack_seo_noindex":false,"jetpack_post_was_ever_published":false,"_jetpack_newsletter_access":"","_jetpack_dont_email_post_to_subs":false,"_jetpack_newsletter_tier_id":0,"_jetpack_memberships_contains_paywalled_content":false,"_jetpack_memberships_contains_paid_content":false,"footnotes":"","jetpack_publicize_message":"","jetpack_publicize_feature_enabled":true,"jetpack_social_post_already_shared":true,"jetpack_social_options":{"image_generator_settings":{"template":"highway","default_image_id":0,"font":"","enabled":false},"version":2}},"categories":[10,194,228],"tags":[],"class_list":["post-19015","post","type-post","status-publish","format-standard","has-post-thumbnail","hentry","category-diritti-umani","category-diritto","category-vaccinazioni","has-post-title","has-post-date","has-post-category","has-post-tag","has-post-comment","has-post-author",""],"jetpack_publicize_connections":[],"jetpack_featured_media_url":"https:\/\/palmerini.net\/blog\/wp-content\/uploads\/2019\/03\/Repubblica_Italiana700x700.jpeg","jetpack-related-posts":[],"jetpack_sharing_enabled":true,"jetpack_likes_enabled":true,"builder_content":"<img src=\"https:\/\/www.palmerini.net\/blog\/wp-content\/uploads\/2019\/03\/Repubblica_Italiana700x700-570x600.jpeg\" width=\"380\" height=\"400\" title=\"AL PRESIDENTE DELLA REPUBBLICA ED AL GOVERNO: NON ESISTE ALCUN OBBLIGO VACCINALE, NE&#8217; PU\u00d2 ESISTERE. I BAMBINI NON POSSONO ESSERE DISCRIMINATI\" alt=\"AL PRESIDENTE DELLA REPUBBLICA ED AL GOVERNO: NON ESISTE ALCUN OBBLIGO VACCINALE, NE&#8217; PU\u00d2 ESISTERE. I BAMBINI NON POSSONO ESSERE DISCRIMINATI\">","_links":{"self":[{"href":"https:\/\/palmerini.net\/blog\/wp-json\/wp\/v2\/posts\/19015","targetHints":{"allow":["GET"]}}],"collection":[{"href":"https:\/\/palmerini.net\/blog\/wp-json\/wp\/v2\/posts"}],"about":[{"href":"https:\/\/palmerini.net\/blog\/wp-json\/wp\/v2\/types\/post"}],"author":[{"embeddable":true,"href":"https:\/\/palmerini.net\/blog\/wp-json\/wp\/v2\/users\/293"}],"replies":[{"embeddable":true,"href":"https:\/\/palmerini.net\/blog\/wp-json\/wp\/v2\/comments?post=19015"}],"version-history":[{"count":0,"href":"https:\/\/palmerini.net\/blog\/wp-json\/wp\/v2\/posts\/19015\/revisions"}],"wp:featuredmedia":[{"embeddable":true,"href":"https:\/\/palmerini.net\/blog\/wp-json\/wp\/v2\/media\/19176"}],"wp:attachment":[{"href":"https:\/\/palmerini.net\/blog\/wp-json\/wp\/v2\/media?parent=19015"}],"wp:term":[{"taxonomy":"category","embeddable":true,"href":"https:\/\/palmerini.net\/blog\/wp-json\/wp\/v2\/categories?post=19015"},{"taxonomy":"post_tag","embeddable":true,"href":"https:\/\/palmerini.net\/blog\/wp-json\/wp\/v2\/tags?post=19015"}],"curies":[{"name":"wp","href":"https:\/\/api.w.org\/{rel}","templated":true}]}}