{"id":1792,"date":"2011-10-17T20:51:17","date_gmt":"2011-10-17T19:51:17","guid":{"rendered":"http:\/\/www.palmerini.net\/blog\/?p=1792"},"modified":"2012-07-24T15:41:25","modified_gmt":"2012-07-24T14:41:25","slug":"statuto-veneto-lo-stop-del-popolo-veneto","status":"publish","type":"post","link":"https:\/\/palmerini.net\/blog\/statuto-veneto-lo-stop-del-popolo-veneto\/","title":{"rendered":"Statuto Veneto: lo  stop del popolo veneto"},"content":{"rendered":"<p><a href=\"http:\/\/www.palmerini.net\/blog\/wp-content\/uploads\/2011\/03\/leone-regione-veneto.jpg\"><img loading=\"lazy\" decoding=\"async\" class=\"alignright size-thumbnail wp-image-1432\" title=\"leone-regione-veneto\" src=\"http:\/\/www.palmerini.net\/blog\/wp-content\/uploads\/2011\/03\/leone-regione-veneto-150x150.jpg\" alt=\"\" width=\"287\" height=\"287\" \/><\/a>Il &#8220;popolo veneto&#8221; non \u00e8 una realt\u00e0 fantastica o immaginifica, ma una realt\u00e0 concreta ed attuale che pu\u00f2 autodeterminare proprie istituzioni, in base all&#8217;art.2 L.n.340\/1971 e alla L.n.881\/1977.<\/p>\n<p>Questo \u00e8 quello che il Consiglio regionale del Veneto del 1998 riconobbe nelle fonti normative, grazie alla risoluzione 42\/1998 proposta dal consigliere Morosin, dell&#8217;allora Liga Veneta Repubblica, al quale io stesso avevo indicato queste norme.<\/p>\n<p>Si scrisse che il\u00a0 &#8220;popolo veneto&#8221; \u00e8 riconosciuto dalla legge, che non \u00e8 un soggetto fantastico, che esso ha diritto a proprie istituzioni, e tuttavia\u00a0 nello stesso istante che riconosceva il popolo veneto il Consiglio Regionale cerc\u00f2 di &#8220;scippare&#8221;\u00a0 la stessa sua autonoma rappresentanza che gli aveva appena riconosciuto, ed anzi immediatamente riconoscendo la sovranit\u00e0 allo Stato Italiano per supplicare un referendum che invece solo il popolo veneto pu\u00f2 decidere.<\/p>\n<p>Questa operazione fatta nel 1998 \u00e8 stata una tentata usurpazione della sovranit\u00e0 del popolo veneto analoga a quella che <!--more-->nel 1866 fece\u00a0 il governo veneto che riconobbe il governo italiano nel territorio prima ancora di votare per l&#8217;annessione. Era un governo fantoccio fatto da prestanome del governo italiano e fin\u00ec che in effetti votarono i soldati italiani al posto dei veneti.<\/p>\n<p>Per fortuna nel 1999 \u00e8 stato fondato l&#8217;autogoverno del Popolo Veneto, che tuttora tiene nelle sue mani la sovranit\u00e0 veneta, tanto pi\u00f9 che anche la\u00a0 Corte Costituzionale nel 2007 ha riconosciuto che un popolo non pu\u00f2 essere rappresentato da un ente regionale, in quanto la regione \u00e8 un ente periferico dello Stato che pu\u00f2 fare solo quello che lo Stato gli vincola, fermo restando che il &#8220;commissario del governo alla regione&#8221; pu\u00f2 sempre bloccare ogni suo atto.<\/p>\n<p>La Corte Costituzionale indirettamente ci ha dato ragione nell&#8217;aver fondato l&#8217;autogoverno come Istituzione rappresentativa del Popolo Veneto indipendente dalla Regione, ma in effetti fin gi\u00e0 dal 1997 una norma del Consiglio d&#8217;Europa\u00a0 impone che la rappresentanza del Popolo Veneto autonomamente costituita sia\u00a0 partecipe a tutti gli affari che la riguardano, ed anzi che nessun atto sia legalmente valido se essa \u00e8 assente . Questa norma \u00e8 diventata\u00a0 imperativa e predominante sulla Costituzione Italiana\u00a0 stessa a partire dal 2009, ma l&#8217;Italia si era impegnata a rispettarla dal 1997.<\/p>\n<p>Chi rappresenta il popolo veneto? non l&#8217;ente &#8220;regionale&#8221;, lo dice anche la corte costituzionale, e tanto pi\u00f9\u00a0 che il popolo veneto \u00e8 diffuso\u00a0 ben oltre i confini regionali, il suo territorio \u00e8 quello del 1866 che va da Udine a pezzi del Trentino.<br \/>\nSolo l&#8217;Autogoverno del Popolo Veneto pu\u00f2 pretendere di rappresentarlo legalmente come in effetti fa secondo norme internazionali, e pure secondo quelle della regione Veneto quali la risoluzione 42\/1998.<\/p>\n<p>Purtroppo queste norme internazionali e locali che riguardano le minoranze nazionali sono state bellamente ignorate dalla regione. Perfino la Giunta nel 2008, per voce dell&#8217;assessore Coppola,\u00a0 arriv\u00f2 ad affermare che la regione non \u00e8 obbligata a rispettare le leggi internazionali sottoscritte dallo stato !<\/p>\n<p>Il partito Venetie per l&#8217;Autogoverno\u00a0 ha chiesto l&#8217;annullamento delle elezioni regionali del 2010 in quanto svolte in violazione dei diritti di nazione minoritaria del popolo veneto, ed \u00e8 in attesa che la Corte della Cassazione le annulli in ogni caso.<\/p>\n<p>Le elezioni del 2010, ma anche quelle precedenti dal 1997,\u00a0 sono certamente\u00a0 contrarie a Costituzione e al diritto internazionale in ogni caso, perch\u00e9 se i diritti di &#8220;nazione minoritaria&#8221; non dovessero essere riconosciuti\u00a0 al popolo veneto\u00a0 inevitabilmente ricadrebbero sulle minoranze linguistiche per l&#8217;art.6 Cost., e dunque le elezioni del Veneto sarebbero in ogni caso illegali per esclusioni di alcune minoranze nazionali nella regione come cimbri, ladini germanofoni ecc. Forse per questo la regione veneto vuole sbarazzarsi dei germanofoni !<\/p>\n<p>Siccome il Consiglio Regionale e la Giunta del Veneto sono illegalmente elette, in quanto\u00a0 cittadino del popolo veneto, oggi 17 ottobre 2011 ho scritto al Consiglio, alla Giunta, (e per conoscenza\u00a0 anche al Commissario del Governo, al Procuratore Generale del Veneto ed al Presidente della Repubblica) che il loro operato nel territorio \u00e8 illegale ed incostituzionale perch\u00e9 si ostinano a violare i diritti umani dei veneti riconosciuti dalla legge europea ratificata con L.n.302\/1997.<\/p>\n<p>A parte il rilievo penale, quali sono questi diritti negati ai veneti e validi fin dal 1997 ?<br \/>\n&#8211; bilinguismo in tutti gli uffici, negli impieghi pubblici, nei tribunali<br \/>\n&#8211; scuole e TV in lingua veneta e\/o bilingue<br \/>\n&#8211; cartellonistica stradale obbligatoriamente bilingue<br \/>\n&#8211; posti riservati per i veneti nell&#8217;impiego pubblico<br \/>\n&#8211; la partecipazione della rappresentanza del popolo veneto in ogni atto che lo riguardi<\/p>\n<p>L&#8217;ultimo diritto umano riconosciuto, quello di partecipazione, impone che nella revisione dello statuto vi sia la rappresentanza del popolo veneto, e non c&#8217;\u00e8, e non ci sono nemmeno i cimbri, i ladini, i germanofoni, ecc.<\/p>\n<p>Da questo il nostro stop alla commissione statuto: ci aspettiamo che lo statuto non si faccia senza di noi, ma \u00e8 notorio per chiunque che gli eletti in regione Veneto non sono eletti affatto legalmente .<\/p>\n<p>Intanto permettetemi di dire che attualmente per i veneti sono molto pi\u00f9 importanti altre cose.<\/p>\n<p>Il Veneto \u00e8 al tracollo<br \/>\n&#8211;\u00a0 \u00e8 diventata la regione con il pi\u00f9 alto numero\u00a0 tendenziale di poveri<br \/>\n&#8211; 250.000 persone sono disoccupate<br \/>\n&#8211; il patto di stabilit\u00e0 impedisce di spendere i soldi in cassa dei comuni virtuosi<br \/>\n&#8211; il numero di cantieri edili \u00e8 in crollo a causa dell&#8217;impoverimento dei veneti<br \/>\n&#8211; gli ammortizzatori sociali sono finiti<br \/>\n&#8211; non sono ancora stati recuperati nemmeno i soldi dell&#8217;IVA versati per la ricostruzione dall&#8217;alluvione<\/p>\n<p>A fronte di questi fatti la regione e gli eletti illegalmente nel consiglio regionale sono stati duramente impegnati nel determinare se ci vogliano 30 o 60 consiglieri, senza guardare che il resto d&#8217;Italia ne ha molti di pi\u00f9 , anche nel Friuli, e senza minimamente discutere lo stipendio di 10.000 euro al mese, vergognoso per 30 o per 60,\u00a0 e senza rispettare le norme internazionali.<\/p>\n","protected":false},"excerpt":{"rendered":"<p>Il &#8220;popolo veneto&#8221; non \u00e8 una realt\u00e0 fantastica o immaginifica, ma una realt\u00e0 concreta ed attuale che pu\u00f2 autodeterminare proprie istituzioni, in base all&#8217;art.2 L.n.340\/1971 e alla L.n.881\/1977. Questo \u00e8 quello che il Consiglio regionale del Veneto del 1998 riconobbe nelle fonti normative, grazie alla risoluzione 42\/1998 proposta dal consigliere Morosin, dell&#8217;allora Liga Veneta Repubblica, [&hellip;]<\/p>\n","protected":false},"author":292,"featured_media":1436,"comment_status":"open","ping_status":"closed","sticky":false,"template":"","format":"standard","meta":{"advanced_seo_description":"","jetpack_seo_html_title":"","jetpack_seo_noindex":false,"jetpack_post_was_ever_published":false,"_jetpack_newsletter_access":"","_jetpack_dont_email_post_to_subs":false,"_jetpack_newsletter_tier_id":0,"_jetpack_memberships_contains_paywalled_content":false,"_jetpack_memberships_contains_paid_content":false,"footnotes":"","jetpack_publicize_message":"","jetpack_publicize_feature_enabled":true,"jetpack_social_post_already_shared":false,"jetpack_social_options":{"image_generator_settings":{"template":"highway","default_image_id":0,"font":"","enabled":false},"version":2}},"categories":[12,15,6],"tags":[],"class_list":["post-1792","post","type-post","status-publish","format-standard","has-post-thumbnail","hentry","category-autogoverno-popolo-veneto","category-giustizia","category-politica","has-post-title","has-post-date","has-post-category","has-post-tag","has-post-comment","has-post-author",""],"jetpack_publicize_connections":[],"jetpack_featured_media_url":"https:\/\/palmerini.net\/blog\/wp-content\/uploads\/2011\/03\/leone-san-marco.jpg","jetpack-related-posts":[],"jetpack_sharing_enabled":true,"jetpack_likes_enabled":true,"builder_content":"","_links":{"self":[{"href":"https:\/\/palmerini.net\/blog\/wp-json\/wp\/v2\/posts\/1792","targetHints":{"allow":["GET"]}}],"collection":[{"href":"https:\/\/palmerini.net\/blog\/wp-json\/wp\/v2\/posts"}],"about":[{"href":"https:\/\/palmerini.net\/blog\/wp-json\/wp\/v2\/types\/post"}],"author":[{"embeddable":true,"href":"https:\/\/palmerini.net\/blog\/wp-json\/wp\/v2\/users\/292"}],"replies":[{"embeddable":true,"href":"https:\/\/palmerini.net\/blog\/wp-json\/wp\/v2\/comments?post=1792"}],"version-history":[{"count":0,"href":"https:\/\/palmerini.net\/blog\/wp-json\/wp\/v2\/posts\/1792\/revisions"}],"wp:featuredmedia":[{"embeddable":true,"href":"https:\/\/palmerini.net\/blog\/wp-json\/wp\/v2\/media\/1436"}],"wp:attachment":[{"href":"https:\/\/palmerini.net\/blog\/wp-json\/wp\/v2\/media?parent=1792"}],"wp:term":[{"taxonomy":"category","embeddable":true,"href":"https:\/\/palmerini.net\/blog\/wp-json\/wp\/v2\/categories?post=1792"},{"taxonomy":"post_tag","embeddable":true,"href":"https:\/\/palmerini.net\/blog\/wp-json\/wp\/v2\/tags?post=1792"}],"curies":[{"name":"wp","href":"https:\/\/api.w.org\/{rel}","templated":true}]}}