{"id":17603,"date":"2018-10-05T16:20:25","date_gmt":"2018-10-05T15:20:25","guid":{"rendered":"http:\/\/www.palmerini.net\/blog\/?p=17603"},"modified":"2020-05-25T16:03:21","modified_gmt":"2020-05-25T15:03:21","slug":"la-francia-non-riesce-piu-a-controllare-i-figli-degli-immigrati-nel-proprio-territorio-e-non-vuole-essere-la-sola","status":"publish","type":"post","link":"https:\/\/palmerini.net\/blog\/la-francia-non-riesce-piu-a-controllare-i-figli-degli-immigrati-nel-proprio-territorio-e-non-vuole-essere-la-sola\/","title":{"rendered":"La Francia non riesce pi\u00f9 a controllare i figli degli immigrati nel proprio territorio, e non vuole essere la sola."},"content":{"rendered":"<p><img loading=\"lazy\" decoding=\"async\" class=\"alignright size-medium wp-image-17608\" src=\"http:\/\/www.palmerini.net\/blog\/wp-content\/uploads\/2018\/10\/Istantanea_2018-10-05_17-21-31-300x166.png\" alt=\"\" width=\"300\" height=\"166\" srcset=\"https:\/\/palmerini.net\/blog\/wp-content\/uploads\/2018\/10\/Istantanea_2018-10-05_17-21-31-300x166.png 300w, https:\/\/palmerini.net\/blog\/wp-content\/uploads\/2018\/10\/Istantanea_2018-10-05_17-21-31-600x332.png 600w, https:\/\/palmerini.net\/blog\/wp-content\/uploads\/2018\/10\/Istantanea_2018-10-05_17-21-31-600x332-1160x641.png 1160w, https:\/\/palmerini.net\/blog\/wp-content\/uploads\/2018\/10\/Istantanea_2018-10-05_17-21-31-600x332-1024x566.png 1024w, https:\/\/palmerini.net\/blog\/wp-content\/uploads\/2018\/10\/Istantanea_2018-10-05_17-21-31.png 676w\" sizes=\"auto, (max-width: 300px) 100vw, 300px\" \/>La Francia non riesce pi\u00f9 a controllare i figli degli immigrati nel proprio territorio, e non vuole essere la sola.<\/p>\n<p>Vi ricordate <a href=\"https:\/\/it.wikipedia.org\/wiki\/Rivolte_del_2005_nelle_banlieue_francesi\" target=\"_blank\" rel=\"noopener\">le &#8220;rivolte&#8221; delle Banlieu del 2005<\/a>?<\/p>\n<p>Ma forse avete dimenticato o non sapevate di quelle<a href=\"http:\/\/www.lastampa.it\/2017\/02\/16\/esteri\/la-rivolta-delle-banlieue-arriva-nel-cuore-di-parigi-2wj8WenvdiAgwSNjRKGnTI\/pagina.html\" target=\"_blank\" rel=\"noopener\"> del 2017,\u00a0<\/a><br \/>\n<a href=\"https:\/\/it.euronews.com\/2017\/02\/14\/banlieue-francesi-malessere-senza-fine\" target=\"_blank\" rel=\"noopener\">vedi anche<\/a> .<\/p>\n<p>Vi ricordate<a href=\"https:\/\/it.wikipedia.org\/wiki\/Attentato_alla_sede_di_Charlie_Hebdo\" target=\"_blank\" rel=\"noopener\"> l&#8217;attentato alla redazione di Charlie Hebdo<\/a> con 12 morti ?<\/p>\n<p>Vi ricordate <a href=\"https:\/\/it.wikipedia.org\/wiki\/Attentati_di_Parigi_del_13_novembre_2015\" target=\"_blank\" rel=\"noopener\">l&#8217;attentato a Parigi del 2015<\/a> con 130 vittime?<br \/>\nA <a href=\"https:\/\/www.ilfattoquotidiano.it\/2018\/03\/23\/attentato-francia-tre-morti-e-diversi-feriti-lassalitore-ucciso-dalle-teste-di-cuoio-chiedeva-il-rilascio-del-terrorista-salah-abdeslam-gendarme-eroe-si-e-offerto-al-posto-dei-sequestrati\/4245727\/\" target=\"_blank\" rel=\"noopener\">marzo 2018 un altro attentato con 3 morti.<\/a><\/p>\n<p>Poi ci sono state<a href=\"http:\/\/www.lastampa.it\/2018\/04\/11\/esteri\/francia-studenti-contro-macron-universit-occupate-e-arresti-in-piazza-cGvytEaWIJG0lnhxhR4JmM\/pagina.html\" target=\"_blank\" rel=\"noopener\"> le rivolte universitarie del 2016<\/a> e del aprile 2018 sollevazioni che possono essere collegate al fatto che si sta riducendo ulteriormente lo spazio di partecipazione dei figli\u00a0 degli immigrati poveri.<\/p>\n<p>Un altro<a href=\"https:\/\/www.repubblica.it\/esteri\/2018\/05\/12\/news\/parigi_attacco_coltello_feriti-196235191\/\" target=\"_blank\" rel=\"noopener\"> attentato a maggio 2018&#8230;.<\/a>\u00a0 Nel sito <a href=\"https:\/\/www.ednh.news\/it\/cronologia-degli-attacchi-terroristici-in-europa-dal-2004-al-2017\/\" target=\"_blank\" rel=\"noopener\">EDNH.news<\/a> vengono elencati in ordine, con tanto di grafica<br \/>\nSenza contare <a href=\"https:\/\/www.repubblica.it\/esteri\/2018\/05\/18\/news\/francia_sventato_attentato_arrestati_fratelli_egiziani-196700107\/\" target=\"_blank\" rel=\"noopener\">quelli sventati<\/a>.<\/p>\n<p>In Francia oramai si instaura una rivolta di piazza <a href=\"https:\/\/www.ilfattoquotidiano.it\/2018\/07\/16\/mondiali-2018-disordini-e-saccheggi-tutta-la-francia-rovinano-la-festa-per-la-vittoria-dei-bleus\/4495372\/\" target=\"_blank\" rel=\"noopener\">perfino se c&#8217;\u00e8 da festeggiare una vittoria del calcio<\/a>.<\/p>\n<p>Se non basta la cronaca pubblica, girano in rete diversi video, anche di pochi giorni fa, girati in Francia, dove si assistono a ordinari pestaggi negli autobus, a violenze in luoghi pubblici, cose di cui i media non parlano, come non si parla dei molti e numerosi stupri.<\/p>\n<p>Mi sembra chiaro che la Francia non riesce pi\u00f9 a controllare il proprio territorio, e questo per il fatto che la popolazione non si identifica pi\u00f9 con i valori nazionali, non ce li ha proprio perch\u00e9 appartiene ad altre culture, troppi immigrati residenti e i loro figli ( ancor pi\u00f9 facilmente radicalizzatili dei genitori) stanno oramai dominando il panorama. E siccome prolificano pi\u00f9 degli autoctoni e votano, credo che oramai la frittata sia fatta.<\/p>\n<p>Non \u00e8 solo una mia constatazione, pure<a href=\"http:\/\/www.ilgiornale.it\/news\/lallarme-dei-servizi-segreti-francesi-immigrati-1282835.html\" target=\"_blank\" rel=\"noopener\"> i servizi segreti Francesi, che gi\u00e0 nel 2016 avvertivano che &#8220;I migranti provocheranno \u200buna guerra civile&#8221;<\/a>.<\/p>\n<p>Ecco che si spiega perch\u00e9 la Francia non voglia affatto accogliere nuovi immigrati e abbia chiuso le frontiere, non solo a Ventimiglia.<\/p>\n<p>E&#8217; chiaro che i mass media, sotto il controllo dei Banchieri della Globalizzazione, non vogliono che i popoli capiscano l&#8217;incubo nel quali si stanno cacciando con l&#8217;accoglienza indiscriminata come ha fatto la Francia, e non vogliono che si capisca la follia della denatalit\u00e0 programmata attuata per favorire l&#8217;importazione di manodopera straniera. Perch\u00e9 costa meno agli Stati importare manodopera pronta anzich\u00e9 favorire la maternit\u00e0. Infatti l&#8217;educazione e l&#8217;allevamento dei figli, costa molto non solo alle famiglie, ma anche alla societ\u00e0 e alle aziende perch\u00e9 le donne devono poter godere di lunghi congedi dal lavoro e assistenza infantile per poter produrre almeno in parte. E se le donne non possono procreare per tenere alto il PIL , in una ottica industriale come quella dei Banchieri e delle Multinazionali del farmaco, conviene importare il &#8220;prodotto&#8221; bello che pronto ( i &#8220;migranti&#8221; che poi restano ) gi\u00e0 possibilmente cresciuti dell&#8217;et\u00e0 di 15-20 anni (perch\u00e9 se \u00e8 troppo maturo finisce per integrarsi ancora meno) ed in tal modo si ottiene non solo dei risparmi per il debito pubblico, ma come grasso che cola si ottiene pure gratuitamente la distruzione delle culture storiche, che non sono funzionali alla gestione industriale della popolazione.<\/p>\n<p>Se dunque \u00e8 migliore un meticciato anonimo e <a href=\"http:\/\/dizionari.corriere.it\/dizionario_italiano\/A\/anomia.shtml?refresh_ce-cp\" target=\"_blank\" rel=\"noopener\">anomico<\/a> per i fini dei Banchieri della Globalizzazione, la Francia non rinnega affatto il suo melting-pot, la sua mescolanza e sostanzialmente non-francesit\u00e0, perch\u00e9 questo sarebbe una incredibile sconfitta per i vertici statali ed internazionali messi al governo dagli stessi Banchieri.<br \/>\nQuindi, in una ottica di geopolitica spregiudicata, tipica dei Francesi da diversi secoli, cerca di scaricare il problema sugli altri, specie i suoi vicini. Se possibile, per non dover competere zoppa come lei si trova oramai, cerca pure di far precipitare anche i paesi confinanti in una situazione difficile come la propria: che i migranti se li tengano gli altri.<\/p>\n<p>Ecco che il discorso di Prodi, persona cara agli speculatori finanziari, si colloca perfettamente in questo cotesto.<br \/>\nProdi dice che la popolazione europea diminuir\u00e0 del 10% entro il 2050, e quindi l&#8217;immigrazione \u00e8 indispensabile.<\/p>\n<p>E&#8217; un dato questo che Prodi potrebbe essersi inventato come in altri casi, ma la realt\u00e0 potrebbe essere anche peggiore perch\u00e9 i maschi sono sempre pi\u00f9 sterili colpiti dalle plastiche che lo <a href=\"http:\/\/www.palmerini.net\/blog\/linfertilita-maschile-deriva-dalla-plastica\/\" target=\"_blank\" rel=\"noopener\">femminilizzano<\/a> e dalle malattie autoimmuni provocate dai <a href=\"http:\/\/www.palmerini.net\/blog\/polveri-cancerogene-trovate-in-due-vaccini-analizzati\/\" target=\"_blank\" rel=\"noopener\">vaccini<\/a>, oltre che da vari altri composti chimici.<br \/>\nAmmesso che il dato sia vero, \u00e8 quindi urgente favorire la natalit\u00e0 degli Europei e non, come propone Prodi, di invitare follemente ad arrivare persone di altre culture che non si integrano, per un giorno finire come la Francia ed altri paesi.<\/p>\n<p>Se tutto ci\u00f2 non ti allarma, sei gi\u00e0 come un pollo di batteria<\/p>\n<!--themify_builder_content-->\n<div id=\"themify_builder_content-17603\" data-postid=\"17603\" class=\"themify_builder_content themify_builder_content-17603 themify_builder tf_clear\">\n    <\/div>\n<!--\/themify_builder_content-->\n","protected":false},"excerpt":{"rendered":"<p>La Francia non riesce pi\u00f9 a controllare i figli degli immigrati nel proprio territorio, e non vuole essere la sola. Vi ricordate le &#8220;rivolte&#8221; delle Banlieu del 2005? Ma forse avete dimenticato o non sapevate di quelle del 2017,\u00a0 vedi anche . Vi ricordate l&#8217;attentato alla redazione di Charlie Hebdo con 12 morti ? Vi [&hellip;]<\/p>\n","protected":false},"author":293,"featured_media":17608,"comment_status":"open","ping_status":"open","sticky":false,"template":"","format":"standard","meta":{"advanced_seo_description":"","jetpack_seo_html_title":"","jetpack_seo_noindex":false,"jetpack_post_was_ever_published":false,"_jetpack_newsletter_access":"","_jetpack_dont_email_post_to_subs":false,"_jetpack_newsletter_tier_id":0,"_jetpack_memberships_contains_paywalled_content":false,"_jetpack_memberships_contains_paid_content":false,"footnotes":"","jetpack_publicize_message":"","jetpack_publicize_feature_enabled":true,"jetpack_social_post_already_shared":true,"jetpack_social_options":{"image_generator_settings":{"template":"highway","default_image_id":0,"font":"","enabled":false},"version":2}},"categories":[182,187,1,6,61],"tags":[],"class_list":["post-17603","post","type-post","status-publish","format-standard","has-post-thumbnail","hentry","category-estero","category-informazione","category-personale","category-politica","category-storia","has-post-title","has-post-date","has-post-category","has-post-tag","has-post-comment","has-post-author",""],"jetpack_publicize_connections":[],"jetpack_featured_media_url":"https:\/\/palmerini.net\/blog\/wp-content\/uploads\/2018\/10\/Istantanea_2018-10-05_17-21-31.png","jetpack-related-posts":[],"jetpack_sharing_enabled":true,"jetpack_likes_enabled":true,"builder_content":"","_links":{"self":[{"href":"https:\/\/palmerini.net\/blog\/wp-json\/wp\/v2\/posts\/17603","targetHints":{"allow":["GET"]}}],"collection":[{"href":"https:\/\/palmerini.net\/blog\/wp-json\/wp\/v2\/posts"}],"about":[{"href":"https:\/\/palmerini.net\/blog\/wp-json\/wp\/v2\/types\/post"}],"author":[{"embeddable":true,"href":"https:\/\/palmerini.net\/blog\/wp-json\/wp\/v2\/users\/293"}],"replies":[{"embeddable":true,"href":"https:\/\/palmerini.net\/blog\/wp-json\/wp\/v2\/comments?post=17603"}],"version-history":[{"count":0,"href":"https:\/\/palmerini.net\/blog\/wp-json\/wp\/v2\/posts\/17603\/revisions"}],"wp:featuredmedia":[{"embeddable":true,"href":"https:\/\/palmerini.net\/blog\/wp-json\/wp\/v2\/media\/17608"}],"wp:attachment":[{"href":"https:\/\/palmerini.net\/blog\/wp-json\/wp\/v2\/media?parent=17603"}],"wp:term":[{"taxonomy":"category","embeddable":true,"href":"https:\/\/palmerini.net\/blog\/wp-json\/wp\/v2\/categories?post=17603"},{"taxonomy":"post_tag","embeddable":true,"href":"https:\/\/palmerini.net\/blog\/wp-json\/wp\/v2\/tags?post=17603"}],"curies":[{"name":"wp","href":"https:\/\/api.w.org\/{rel}","templated":true}]}}