{"id":1701,"date":"2017-09-11T10:35:56","date_gmt":"2017-09-11T08:35:56","guid":{"rendered":"http:\/\/www.palmerini.net\/blog\/?p=1701"},"modified":"2022-04-11T10:37:28","modified_gmt":"2022-04-11T08:37:28","slug":"svolta-storica-per-la-questione-veneta","status":"publish","type":"post","link":"https:\/\/palmerini.net\/blog\/svolta-storica-per-la-questione-veneta\/","title":{"rendered":"Svolta storica per la questione veneta."},"content":{"rendered":"<p>I Veneti furono una superba nazione della storia oggi diventata parte degli italiani, o esiste ancora se pur sotto amministrazione italiana?<\/p>\n<p>Se non esistono, pi\u00f9 i veneti, cosa significa l&#8217;espressione &#8220;popolo veneto&#8221; scritta nella legge costituzionale votata dal parlamento nel 1971?<\/p>\n<p>Il &#8220;popolo veneto&#8221; come nazione corrisponde ai residenti (quindi non ha alcuna identit\u00e0 linguistica e storica, e tutti i residenti sono veneti), o i veneti in quanto diversi per storia, identit\u00e0, lingua ecc hanno dei diritti legali speciali come le altri nazioni minori che dal 2009 sono totalmente protette dall&#8217;Europa?<\/p>\n<p>Queste domande avranno una prima risposta il 26 settembre 2011, data storica, epocale per il popolo veneto.<\/p>\n<p>A darla sar\u00e0 la Corte di Cassazione , il pi\u00f9 altro tribunale dello Stato italiano (oltre alla Corte di Cassazione cui per\u00f2 i cittadini non possono ricorrere).<\/p>\n<p>La Cassazione \u00e8 stata chiamata a rispondere dal partito politico &#8220;Venetie per l&#8217;Autogoverno&#8221; (www.venetie.in), l&#8217;unico partito che legalmente rappresenta gli interessi del popolo veneto come nazione diversa da quella italiana.<\/p>\n<p>Venetie infatti afferma che il &#8220;popolo veneto&#8221; non \u00e8 una realt\u00e0 astratta, n\u00e8 corrisponde ai residenti del Veneto, anche perch\u00e9 basta guardare al Friuli-VENEZIA-Giulia, dove, lo indica il nome stesso, ci sono molti veneti. Anzi, fino a pochi decenni fa il &#8220;Veneto&#8221; era fatto di queste terre unite ed altre ancora, non lo striminzito ente amministrativo di oggi.<\/p>\n<p>Il partito Venetie all&#8217;inizio del 2010 ha chiesto alla regione Veneto la modifica del sistema elettorale regionale (di competenza regionale), era la Giunta Galan, chiedendo il rispetto della norma internazionale sulle nazioni minori.<\/p>\n<p>La legge 302\/1997, infatti, di cui nessuno aveva mai parlato fino ad allora, prevede che le nazioni minori ( come i veneti ) hanno dei diritti umani intoccabili, ossia i diritti al bilinguismo, alla cartellonistica stradale in doppia lingua (in questo caso veneto-italiana), a tribunali in lingua veneta, a funzionari che conoscano la lingua.<\/p>\n<p>La norma prevede anche che le scuole siano bilingue, se c&#8217;\u00e8 abbastanza richiesta anche in lingua madre veneta e seconda lingua italiana. Tutto questo porta con s\u00e8 anche un certo autogoverno fiscale, perch\u00e9 le nazioni non possono essere private del proprio reddito.<\/p>\n<p>Alle richieste di Venetie si sono opposte non solo la Regione, ma ben 4 livelli di giustizia, 2 elettorali, 2 giudiziali, ed anche la nuova giunta Zaia, a guida Lega Nord, non vuole sentirne parlare, perch\u00e9 la sua applicazione annullerebbe le sue stesse elezioni.<\/p>\n<p>Ma il 26 settembre lo Stato \u00e8 chiamato a mostrare il suo vero volto , e a dare una svolta alla questione veneta, in ogni caso.<\/p>\n<p>Infatti lo Stato Italiano, per dar torto a Venetie, dovrebbe negare validit\u00e0 alla legge di un suo ente, perch\u00e9 \u00e8 stata la stessa regione veneto ad affermare nel 1998 che il popolo veneto non \u00e8 una &#8220;entit\u00e0 astratta&#8221; ma un realt\u00e0 concreta.<\/p>\n<p>Fu la storica Risoluzione 42 ( http:\/\/www.statoveneto.net\/risoluzione42.html ) ad affermarlo.<\/p>\n<p>La cosa buffa \u00e8 che in quella risoluzione, non solo si riconosceva che i veneti sono sovrani, ma si chiedeva ance un referendum per l&#8217;indipendenza, e a firmarla fu , fra gli altri lo stesso Galan!<\/p>\n<p>La domanda diventa &#8220;poteva la regione riconoscere l&#8217;esistenza dei veneti&#8221;?<\/p>\n<p>Se s\u00ec, allora sarebbero dunque ben 14 anni che l&#8217;Italia sta violando la norma 302 del 1997 che riconosce ai veneti il bilinguismo e i diritti di minoranza.<\/p>\n<p>Altrimenti si tratta di capire se in italia esistono o meno &#8220;minoranze nazionali&#8221; oppure se esse siano le &#8220;minoranze linguistiche&#8221; di cui parla l&#8217;articolo 6 della costituzione.<\/p>\n<p>Questo punto di discussione \u00e8 molto importante, e comunque decider\u00e0 la Cassazione porter\u00e0 all&#8217;annullamento delle elezioni regionali del Veneto.<\/p>\n<p>Infatti se le minoranze linguistiche sono le popolazioni di lingua diversa (e lo stato ne ha riconosciute diverse fra cui i francofoni, gli occitani, i germanofoni, i ladini, i cimbri, i friulani, gli sloveni, i serbo-croati, gli albanesi, i sardi) chi sono le &#8220;minoranze nazionali&#8221; ?<\/p>\n<p>Nella costituzione italiano non \u00e8 specificato nulla rispetto alla questione delle minoranze nazionali, la materia non era nemmeno presente nella testa dei costituenti, usciti dal fascismo e in molti con la testa proiettata verso il comunismo.<\/p>\n<p>Semplicemente si \u00e8 sempre creduto che &#8220;minoranze linguistiche&#8221; e &#8220;minoranze nazionali&#8221; sono la stessa cosa.<\/p>\n<p>Ma non \u00e8 cos\u00ec per le leggi internazionali ! Infatti le minoranze Linguistiche e regionali hanno diversi diritti , previsti dalla &#8220;Carte Europea sulle lingue minoritarie e regionali&#8221; mentre la \u201cCarta Europea sulle minoranze nazionali\u201d ratificata dall&#8217;Italia con legge n.302\/1997 riconosce diversi diritti alle minoranze nazionali.<\/p>\n<p>Se la cassazione dar\u00e0 torto al Partito, affermando che i 2 tipi di minoranze sono la stessa cosa, allora significa che l&#8217;Italia ha violato i diritti di minoranza i francofoni, occitani, ladini, i cimbri, friulani ecc , i quali non hanno avuto per nulla dei collegi speciali e riservati.<\/p>\n<p>Occorre sapere infatti che i cimbri e i ladini del Veneto, come i friulanofoni e gernofoni, avevano anche loro scritto a Galan per avere il rispetto dei loro diritti, senza nemmeno ottenere risposta, come Venetie per altro.<\/p>\n<p>Allora succede che in ogni caso le elezioni del Veneto andranno annullate, perch\u00e9 i diritti minoranza o non sono stati rispettati per i veneti (in quanto minoranza nazionale riconosciuta dalla stessa regione, detentrice di questa potest\u00e0) oppure le minoranze linguistiche-nazionali cimbre, ladine, germanofone e friulanofone del veneto sono state negate nei loro diritti , determinando che comunque si devono rifare le elezioni della regione veneto, ma anche di Friuli, Trentino, Piemonte, Calabria, Puglia, Sardegna e dovunque ci siano minoranze linguistiche.<\/p>\n<p>E&#8217; un bel problema, una svolta COMUNQUE storica.<\/p>\n<p>A comprovarlo \u00e8 il fatto che la Cassazione ha deciso di riunirsi in &#8220;sezioni unite&#8221; cosa che fa solo quando la questione \u00e8 di somma importanza.<\/p>\n<p>Per intenderci, questa sentenza finir\u00e0 nei manuali universitari, sar\u00e0 un precedente che determinar\u00e0 il futuro assetto democratico dell&#8217;Italia.<\/p>\n<p>Sopratutto, l&#8217;italia deve mostrare che non solo \u00e8 in grado di tenere i conti a posto, ma \u00e8 anche in grado di rispettare le minoranze nazionali come i veneti, \u00e8 in grado di non aver pi\u00f9 quell&#8217;atteggiamento predatorio e ostile che l&#8217;ha portata a cancellare la storia veneta dai libri di scuola, interferendo gravemente anche nell&#8217;educazione dei figli.<\/p>\n<p>Insomma per il Partito Venetie per l&#8217;autogoverno sar\u00e0 comunque una vittoria, oltretutto se la Cassazione rifiuter\u00e0 la richiesta di riconoscimento dei Veneti, al partito resta ancora la carte del Consiglio d&#8217;Europa, che sicuramente gli dar\u00e0 ragione (\u00e8 una legge loro!).<\/p>\n<p>Per il popolo veneto sar\u00e0 comunque un grande momento di svolta: forse si render\u00e0 conto che uno stato ostile non vuole riconoscere alcuna specialit\u00e0 ai veneti, e che per loro i diritti di bilinguismo riconosciuti ad altri non valgono.<\/p>\n<p>Forse sar\u00e0 inutile parlare in futuro di appartenenza all&#8217;Italia se non come servit\u00f9.<br \/>Forse sar\u00e0 inutile ,come si \u00e8 fatto negli ultimi 20 anni, parlare di Autogoverno del Popolo Veneto, come per altro ha fatto la regione nel 1998.<\/p>\n<p>Ed allora per i veneti, dimostrato il razzismo dello Stato, non rester\u00e0 che la strada della legittima sovranit\u00e0 totale.<\/p>\n\n<!-- wp:themify-builder\/canvas \/-->","protected":false},"excerpt":{"rendered":"<p>I Veneti furono una superba nazione della storia oggi diventata parte degli italiani, o esiste ancora se pur sotto amministrazione italiana? Se non esistono, pi\u00f9 i veneti, cosa significa l&#8217;espressione &#8220;popolo veneto&#8221; scritta nella legge costituzionale votata dal parlamento nel 1971? Il &#8220;popolo veneto&#8221; come nazione corrisponde ai residenti (quindi non ha alcuna identit\u00e0 linguistica [&hellip;]<\/p>\n","protected":false},"author":292,"featured_media":0,"comment_status":"open","ping_status":"closed","sticky":false,"template":"","format":"standard","meta":{"advanced_seo_description":"","jetpack_seo_html_title":"","jetpack_seo_noindex":false,"jetpack_post_was_ever_published":false,"_jetpack_newsletter_access":"","_jetpack_dont_email_post_to_subs":false,"_jetpack_newsletter_tier_id":0,"_jetpack_memberships_contains_paywalled_content":false,"_jetpack_memberships_contains_paid_content":false,"footnotes":"","jetpack_publicize_message":"","jetpack_publicize_feature_enabled":true,"jetpack_social_post_already_shared":true,"jetpack_social_options":{"image_generator_settings":{"template":"highway","default_image_id":0,"font":"","enabled":false},"version":2}},"categories":[1],"tags":[],"class_list":["post-1701","post","type-post","status-publish","format-standard","hentry","category-personale","has-post-title","has-post-date","has-post-category","has-post-tag","has-post-comment","has-post-author",""],"jetpack_publicize_connections":[],"jetpack_featured_media_url":"","jetpack-related-posts":[],"jetpack_sharing_enabled":true,"jetpack_likes_enabled":true,"builder_content":"","_links":{"self":[{"href":"https:\/\/palmerini.net\/blog\/wp-json\/wp\/v2\/posts\/1701","targetHints":{"allow":["GET"]}}],"collection":[{"href":"https:\/\/palmerini.net\/blog\/wp-json\/wp\/v2\/posts"}],"about":[{"href":"https:\/\/palmerini.net\/blog\/wp-json\/wp\/v2\/types\/post"}],"author":[{"embeddable":true,"href":"https:\/\/palmerini.net\/blog\/wp-json\/wp\/v2\/users\/292"}],"replies":[{"embeddable":true,"href":"https:\/\/palmerini.net\/blog\/wp-json\/wp\/v2\/comments?post=1701"}],"version-history":[{"count":0,"href":"https:\/\/palmerini.net\/blog\/wp-json\/wp\/v2\/posts\/1701\/revisions"}],"wp:attachment":[{"href":"https:\/\/palmerini.net\/blog\/wp-json\/wp\/v2\/media?parent=1701"}],"wp:term":[{"taxonomy":"category","embeddable":true,"href":"https:\/\/palmerini.net\/blog\/wp-json\/wp\/v2\/categories?post=1701"},{"taxonomy":"post_tag","embeddable":true,"href":"https:\/\/palmerini.net\/blog\/wp-json\/wp\/v2\/tags?post=1701"}],"curies":[{"name":"wp","href":"https:\/\/api.w.org\/{rel}","templated":true}]}}