{"id":16545,"date":"2018-08-03T16:19:46","date_gmt":"2018-08-03T15:19:46","guid":{"rendered":"http:\/\/www.palmerini.net\/blog\/?p=16545"},"modified":"2020-05-25T16:29:29","modified_gmt":"2020-05-25T15:29:29","slug":"registrazione-intervista-sulla-convenzione-di-oviedo-vaccini-e-diritti-dei-veneti-a-radio-gamma-5","status":"publish","type":"post","link":"https:\/\/palmerini.net\/blog\/registrazione-intervista-sulla-convenzione-di-oviedo-vaccini-e-diritti-dei-veneti-a-radio-gamma-5\/","title":{"rendered":"Registrazione Intervista sulla Convenzione di Oviedo, Vaccini e diritti dei Veneti a Radio Gamma 5"},"content":{"rendered":"<p>Questa mattina 3 Agosto 2018 sono stato intervistato a Radio Gamma 5, e ho parlato per lo pi\u00f9 della Convenzione di Oviedo, della<a href=\"http:\/\/palmerini.net\/blog\/istanza-al-presidente-per-oviedo\/\" target=\"_blank\" rel=\"noopener\"> Istanza al Presidente della Repubblica<\/a>, spiegando perch\u00e9 l&#8217;obbligo vaccinale \u00e8 a tutti gli effetti una &#8220;FAKE NEWS&#8221;<\/p>\n<p>Puoi ascoltare in questo sito la registrazione ridotta togliendo alcune musiche e commenti<\/p>\n<audio class=\"wp-audio-shortcode\" id=\"audio-16545-1\" preload=\"none\" style=\"width: 100%;\" controls=\"controls\"><source type=\"audio\/mpeg\" src=\"http:\/\/www.palmerini.net\/blog\/wp-content\/uploads\/2018\/08\/2018.08.03%20Valentino%20di%20Radio%20Gamma%205%20%20intervista%20Loris%20Palmerini%20su%20convenzione%20di%20Oviedo,%20%20Vaccini,%20Microchip%20e%20lingua%20veneta.mp3?_=1\" \/><a href=\"http:\/\/www.palmerini.net\/blog\/wp-content\/uploads\/2018\/08\/2018.08.03%20Valentino%20di%20Radio%20Gamma%205%20%20intervista%20Loris%20Palmerini%20su%20convenzione%20di%20Oviedo,%20%20Vaccini,%20Microchip%20e%20lingua%20veneta.mp3\">http:\/\/www.palmerini.net\/blog\/wp-content\/uploads\/2018\/08\/2018.08.03%20Valentino%20di%20Radio%20Gamma%205%20%20intervista%20Loris%20Palmerini%20su%20convenzione%20di%20Oviedo,%20%20Vaccini,%20Microchip%20e%20lingua%20veneta.mp3<\/a><\/audio>\n<p>oppure ascoltandola integrale da <a href=\"http:\/\/www.ighina.it\/download\/audio\/Trasmissioni_Radio_2018\/08.Agosto\/2018.08.03%20Valentino%20intervista%20Loris%20Palmerini%20su%20Vaccini,%20popolo%20veneto%20e%20convenzione%20di%20Oviedo.mp3\">questo indirizzo<\/a><\/p>\n<audio class=\"wp-audio-shortcode\" id=\"audio-16545-2\" preload=\"none\" style=\"width: 100%;\" controls=\"controls\"><source type=\"audio\/mpeg\" src=\"http:\/\/www.ighina.it\/download\/audio\/Trasmissioni_Radio_2018\/08.Agosto\/2018.08.03%20Valentino%20intervista%20Loris%20Palmerini%20su%20Vaccini,%20popolo%20veneto%20e%20convenzione%20di%20Oviedo.mp3?_=2\" \/><a href=\"http:\/\/www.ighina.it\/download\/audio\/Trasmissioni_Radio_2018\/08.Agosto\/2018.08.03%20Valentino%20intervista%20Loris%20Palmerini%20su%20Vaccini,%20popolo%20veneto%20e%20convenzione%20di%20Oviedo.mp3\">http:\/\/www.ighina.it\/download\/audio\/Trasmissioni_Radio_2018\/08.Agosto\/2018.08.03%20Valentino%20intervista%20Loris%20Palmerini%20su%20Vaccini,%20popolo%20veneto%20e%20convenzione%20di%20Oviedo.mp3<\/a><\/audio>\n<!--themify_builder_content-->\n<div id=\"themify_builder_content-16545\" data-postid=\"16545\" class=\"themify_builder_content themify_builder_content-16545 themify_builder tf_clear\">\n    <\/div>\n<!--\/themify_builder_content-->\n","protected":false},"excerpt":{"rendered":"<p>Questa mattina 3 Agosto 2018 sono stato intervistato a Radio Gamma 5, e ho parlato per lo pi\u00f9 della Convenzione di Oviedo, della Istanza al Presidente della Repubblica, spiegando perch\u00e9 l&#8217;obbligo vaccinale \u00e8 a tutti gli effetti una &#8220;FAKE NEWS&#8221; Puoi ascoltare in questo sito la registrazione ridotta togliendo alcune musiche e commenti http:\/\/www.palmerini.net\/blog\/wp-content\/uploads\/2018\/08\/2018.08.03%20Valentino%20di%20Radio%20Gamma%205%20%20intervista%20Loris%20Palmerini%20su%20convenzione%20di%20Oviedo,%20%20Vaccini,%20Microchip%20e%20lingua%20veneta.mp3 oppure [&hellip;]<\/p>\n","protected":false},"author":293,"featured_media":0,"comment_status":"open","ping_status":"open","sticky":false,"template":"","format":"standard","meta":{"advanced_seo_description":"","jetpack_seo_html_title":"","jetpack_seo_noindex":false,"jetpack_post_was_ever_published":false,"_jetpack_newsletter_access":"","_jetpack_dont_email_post_to_subs":false,"_jetpack_newsletter_tier_id":0,"_jetpack_memberships_contains_paywalled_content":false,"_jetpack_memberships_contains_paid_content":false,"footnotes":"","jetpack_publicize_message":"","jetpack_publicize_feature_enabled":true,"jetpack_social_post_already_shared":true,"jetpack_social_options":{"image_generator_settings":{"template":"highway","default_image_id":0,"font":"","enabled":false},"version":2}},"categories":[12,10,90,1,100,228],"tags":[],"class_list":["post-16545","post","type-post","status-publish","format-standard","hentry","category-autogoverno-popolo-veneto","category-diritti-umani","category-lingua-veneta","category-personale","category-salute","category-vaccinazioni","has-post-title","has-post-date","has-post-category","has-post-tag","has-post-comment","has-post-author",""],"jetpack_publicize_connections":[],"jetpack_featured_media_url":"","jetpack-related-posts":[],"jetpack_sharing_enabled":true,"jetpack_likes_enabled":true,"builder_content":"","_links":{"self":[{"href":"https:\/\/palmerini.net\/blog\/wp-json\/wp\/v2\/posts\/16545","targetHints":{"allow":["GET"]}}],"collection":[{"href":"https:\/\/palmerini.net\/blog\/wp-json\/wp\/v2\/posts"}],"about":[{"href":"https:\/\/palmerini.net\/blog\/wp-json\/wp\/v2\/types\/post"}],"author":[{"embeddable":true,"href":"https:\/\/palmerini.net\/blog\/wp-json\/wp\/v2\/users\/293"}],"replies":[{"embeddable":true,"href":"https:\/\/palmerini.net\/blog\/wp-json\/wp\/v2\/comments?post=16545"}],"version-history":[{"count":0,"href":"https:\/\/palmerini.net\/blog\/wp-json\/wp\/v2\/posts\/16545\/revisions"}],"wp:attachment":[{"href":"https:\/\/palmerini.net\/blog\/wp-json\/wp\/v2\/media?parent=16545"}],"wp:term":[{"taxonomy":"category","embeddable":true,"href":"https:\/\/palmerini.net\/blog\/wp-json\/wp\/v2\/categories?post=16545"},{"taxonomy":"post_tag","embeddable":true,"href":"https:\/\/palmerini.net\/blog\/wp-json\/wp\/v2\/tags?post=16545"}],"curies":[{"name":"wp","href":"https:\/\/api.w.org\/{rel}","templated":true}]}}