{"id":15913,"date":"2018-07-10T14:33:23","date_gmt":"2018-07-10T13:33:23","guid":{"rendered":"http:\/\/www.palmerini.net\/blog\/?p=15913"},"modified":"2020-05-25T17:07:09","modified_gmt":"2020-05-25T16:07:09","slug":"verso-una-democrazia-del-blochain-e-dei-delegati","status":"publish","type":"post","link":"https:\/\/palmerini.net\/blog\/verso-una-democrazia-del-blochain-e-dei-delegati\/","title":{"rendered":"Verso una democrazia del Blochain e dei delegati"},"content":{"rendered":"<p><img loading=\"lazy\" decoding=\"async\" class=\"alignright size-full wp-image-4442\" src=\"http:\/\/www.palmerini.net\/blog\/wp-content\/uploads\/2017\/03\/gonfalone-marina-veneta.png\" alt=\"\" width=\"500\" height=\"292\" srcset=\"https:\/\/palmerini.net\/blog\/wp-content\/uploads\/2017\/03\/gonfalone-marina-veneta.png 500w, https:\/\/palmerini.net\/blog\/wp-content\/uploads\/2017\/03\/gonfalone-marina-veneta-300x175.png 300w, https:\/\/palmerini.net\/blog\/wp-content\/uploads\/2017\/03\/gonfalone-marina-veneta-150x88.png 150w\" sizes=\"auto, (max-width: 500px) 100vw, 500px\" \/>Nel marzo del 2019 il Consiglio d&#8217;Europa prender\u00e0 in esame il dossier di tutte le violazioni dei diritti umani che i Veneti subiscono. Fra queste anche la cancellazione della legge regionale del Veneto n\u00b0 28 del 2016 da me scritta, cancellata illegalmente dalla Corte Costituzionale per <a href=\"http:\/\/www.palmerini.net\/blog\/la-regione-veneto-fa-cancellare-la-legge-sui-diritti-dei-veneti-ma-la-legge-precedente-li-mantiene\/\" target=\"_blank\" rel=\"noopener\">precisa responsabilit\u00e0 e volont\u00e0 dimostrata della Regione Veneto <\/a>. Non essendo&nbsp; pi\u00f9 credibile la favola leghista, \u00e8 notizia&nbsp; di queste ore che la Lega&nbsp; rinuncia ora non solo al &#8220;Nord&#8221; nel nome, ma pure alla indipendenza della Padania e alle storiche nazioni anche nello Statuto.<\/p>\n<p>Invece &nbsp; Aggregazione Veneta non solo non \u00e8 morta per la cancellazione della legge, ma grazie al periodo di esistenza della legge ha dato vita alla costituzione e rappresentanza internazionale dei diritti etnico-linguistici dei Veneti , cosa che era prevista in base alla legge regionale n.73 del 1994 del Veneto in quanto etnia&nbsp; storica del territorio.<\/p>\n<p>Ma nelle mutate condizioni l&#8217;Assemblea rappresentativa (costituita dai membri delegati delle associazioni maggiormente rappresentative), non ha pi\u00f9 senso tal quale era, ed ecco che la stiamo trasformando&nbsp; in una Assemblea ancora pi\u00f9 rappresentativa che da una parte fa tesoro della storia della Repubblica Veneta , dall&#8217;altro introduce di membri estratti a sorte e quelli delegati, e guarda molto lontano pensando ad un voto in tecnologia&nbsp; Blochain.<\/p>\n<p>A <a href=\"https:\/\/veneta.link\/wp-content\/uploads\/2017\/01\/Verbale-Aggregazione-Veneta-del-03-maggio-2018.pdf\" target=\"_blank\" rel=\"noopener\">marzo 2018 \u00e8 stato deliberato<\/a> che&nbsp; l&#8217;Assemblea di Aggregazione Veneta per il momento verr\u00e0 integrata con&nbsp; alcuni membri nominati per merito (sull&#8217;esempio del Senato della Repubblica Veneta)&nbsp; e con altri nominati per sorteggio. L&#8217;idea \u00e8 tuttavia di arrivare ad una forte rappresentativit\u00e0 di membri che voteranno i provvedimenti principalmente in modalit\u00e0 remote, utilizzando per la sicurezza la tecnologia del blochain.<\/p>\n<p>Ecco il passaggio &#8220;Palmerini propone un allargamento dell\u2019Assemblea tramite la partecipazione di membri<br \/>\npopolari, ovviamente dichiarati in anagrafe, per farla diventare ancora pi\u00f9 rappresentativa della totalit\u00e0 dei Veneti. La mancanza di partecipazione popolare diretta \u00e8 stato un limite imposto ai Veneti dalla cancellata legge regionale del Veneto n\u00b0 28 del 2016, che prevedeva la sola partecipazione di Associazioni all\u2019ente rappresentativo dei diritti di minoranza. E\u2019 vero anche che la partecipazione della Anagrafe del Popolo Veneto ha sempre garantito la rappresentanza mediata dei Veneti come soggetto giuridico. In quest\u2019ottica Palmerini sottolinea che \u00e8 opportuno aprire alla partecipazione diretta di membri popolari, inizialmente in piccolo numero e con incarico assegnato dall\u2019Assemblea, per poi proseguire verso forme sempre pi\u00f9 partecipative anche prevedendo dei macroelettori delegati, e poi il voto diretto tramite una piattaforma di voto elettronico certificato ma anonimo, cosa che \u00e8<br \/>\ngi\u00e0 possibile con la tecnologia detta Blockchain. Questo tipo di partecipazione popolare&nbsp; in effetti si sta gi\u00e0 sperimentando in alcune citt\u00e0 fra le quali Mosca. Sul lungo periodo Palmerini propone che una parte cospicua ma non la totalit\u00e0 dell\u2019Assemblea sia composta di membri votati dai&nbsp; Veneti pur sul modello del Senato della Repubblica Veneta. Palmerini propone che oltre ai seggi assegnati per merito, un piccolo numero di seggi venga assegnato con estrazione casuale fra gli iscritti all\u2019Anagrafe poich\u00e9 tale pratica ha dimostrato di tenere vitali le grandi organizzazioni che altrimenti tendono invece al degrado dell\u2019efficienza causato dai meccanismi insiti nelle selezioni per merito e nelle logiche umane.&#8221;<\/p>\n<p>Questo laboratorio di democrazia e partecipazione popolare , di rispetto dei cittadini, non fa altro che continuare la millenaria storia Veneta che non si sposa con le logiche accentratrici e stataliste dei neo nazionalismi ottocenteschi che stanno oggi riemergendo.&nbsp; Lo Repubblica di Venezia&nbsp; \u00e8 sempre stata allo stesso tempo e sincreticamente non solo forte, ma anche stato di diritto e di rispetto dei territori come delle persone&nbsp; come delle libert\u00e0, allo stesso tempo inclusiva, partecipativa e sociale, ma liberale, liberista non fascista, non comunista, e contro ogni mafia o cricca o conflitto di interessi. Basta studiarla per riprendere a sognare oltre la demagogia e la propaganda del presente.<\/p>\n<!--themify_builder_content-->\n<div id=\"themify_builder_content-15913\" data-postid=\"15913\" class=\"themify_builder_content themify_builder_content-15913 themify_builder tf_clear\">\n    <\/div>\n<!--\/themify_builder_content-->","protected":false},"excerpt":{"rendered":"<p>Nel marzo del 2019 il Consiglio d&#8217;Europa prender\u00e0 in esame il dossier di tutte le violazioni dei diritti umani che i Veneti subiscono. Fra queste anche la cancellazione della legge regionale del Veneto n\u00b0 28 del 2016 da me scritta, cancellata illegalmente dalla Corte Costituzionale per precisa responsabilit\u00e0 e volont\u00e0 dimostrata della Regione Veneto . [&hellip;]<\/p>\n","protected":false},"author":293,"featured_media":0,"comment_status":"closed","ping_status":"closed","sticky":false,"template":"","format":"standard","meta":{"advanced_seo_description":"","jetpack_seo_html_title":"","jetpack_seo_noindex":false,"jetpack_post_was_ever_published":false,"_jetpack_newsletter_access":"","_jetpack_dont_email_post_to_subs":false,"_jetpack_newsletter_tier_id":0,"_jetpack_memberships_contains_paywalled_content":false,"_jetpack_memberships_contains_paid_content":false,"footnotes":"","jetpack_publicize_message":"","jetpack_publicize_feature_enabled":true,"jetpack_social_post_already_shared":true,"jetpack_social_options":{"image_generator_settings":{"template":"highway","default_image_id":0,"font":"","enabled":false},"version":2}},"categories":[12,10,194,1,6,61,11],"tags":[],"class_list":["post-15913","post","type-post","status-publish","format-standard","hentry","category-autogoverno-popolo-veneto","category-diritti-umani","category-diritto","category-personale","category-politica","category-storia","category-venetie","has-post-title","has-post-date","has-post-category","has-post-tag","has-post-comment","has-post-author",""],"jetpack_publicize_connections":[],"jetpack_featured_media_url":"","jetpack-related-posts":[],"jetpack_sharing_enabled":true,"jetpack_likes_enabled":true,"builder_content":"","_links":{"self":[{"href":"https:\/\/palmerini.net\/blog\/wp-json\/wp\/v2\/posts\/15913","targetHints":{"allow":["GET"]}}],"collection":[{"href":"https:\/\/palmerini.net\/blog\/wp-json\/wp\/v2\/posts"}],"about":[{"href":"https:\/\/palmerini.net\/blog\/wp-json\/wp\/v2\/types\/post"}],"author":[{"embeddable":true,"href":"https:\/\/palmerini.net\/blog\/wp-json\/wp\/v2\/users\/293"}],"replies":[{"embeddable":true,"href":"https:\/\/palmerini.net\/blog\/wp-json\/wp\/v2\/comments?post=15913"}],"version-history":[{"count":0,"href":"https:\/\/palmerini.net\/blog\/wp-json\/wp\/v2\/posts\/15913\/revisions"}],"wp:attachment":[{"href":"https:\/\/palmerini.net\/blog\/wp-json\/wp\/v2\/media?parent=15913"}],"wp:term":[{"taxonomy":"category","embeddable":true,"href":"https:\/\/palmerini.net\/blog\/wp-json\/wp\/v2\/categories?post=15913"},{"taxonomy":"post_tag","embeddable":true,"href":"https:\/\/palmerini.net\/blog\/wp-json\/wp\/v2\/tags?post=15913"}],"curies":[{"name":"wp","href":"https:\/\/api.w.org\/{rel}","templated":true}]}}