{"id":1478,"date":"2011-04-20T19:16:41","date_gmt":"2011-04-20T18:16:41","guid":{"rendered":"http:\/\/www.palmerini.net\/blog\/?p=1478"},"modified":"2011-05-10T15:06:10","modified_gmt":"2011-05-10T14:06:10","slug":"elezioni-comunali-e-provinciali-2011-illegali-per-leuropa","status":"publish","type":"post","link":"https:\/\/palmerini.net\/blog\/elezioni-comunali-e-provinciali-2011-illegali-per-leuropa\/","title":{"rendered":"Elezioni comunali e provinciali 2011 illegali per l&#8217;Europa"},"content":{"rendered":"<p><a href=\"http:\/\/www.palmerini.net\/blog\/wp-content\/uploads\/2011\/04\/europa.jpg\"><img loading=\"lazy\" decoding=\"async\" class=\"alignleft size-medium wp-image-1481\" style=\"margin: 10px;\" title=\"europa\" src=\"http:\/\/www.palmerini.net\/blog\/wp-content\/uploads\/2011\/04\/europa-300x246.jpg\" alt=\"\" width=\"300\" height=\"246\" srcset=\"https:\/\/palmerini.net\/blog\/wp-content\/uploads\/2011\/04\/europa-300x246.jpg 300w, https:\/\/palmerini.net\/blog\/wp-content\/uploads\/2011\/04\/europa.jpg 304w\" sizes=\"auto, (max-width: 300px) 100vw, 300px\" \/><\/a>Per quanto riesca incredibile ai centralisti, e ancora di pi\u00f9 ai federalisti, un trattato del Consiglio d&#8217;Europa impone il federalismo dal 1989.<\/p>\n<p>Si tratta della Carta Europea per l&#8217;Autogoverno degli enti Locali, dove &#8220;Autogoverno&#8221; e stato falsamente tradotto con Autonomia. Questa carta ha permesso che la Russia <!--more--> non declinasse in una guerra civile, lasciando alle autonomie locali ampio autogoverno<\/p>\n<p>Questa carta infatti contiene alcuni principi che garantiscono molto pi\u00f9 federalismo di quanto ne prometta la Lega<\/p>\n<p>Un primo principio \u00e8 che non si possono abrogare gli enti locali, n\u00e9 modificare i loro statuti, senza il consenso tramite referendum delle collettivit\u00e0 interessate.<\/p>\n<p>Ecco allora che 2 anni fa, invocando questo principio internazionale, ho bloccato sul nascere l&#8217;idea di abrogare le province. Per me infatti, vero federalista, si tratta di togliere soldi al governo centrale per semmai aumentare le competenze delle province. La Lega invece aveva proposto di chiudere le province.<\/p>\n<p>Bossi deve essere proprio un furbone, sempre pronto a mascherare le sue scempiaggini, ed ecco allora che il cambio di rotta della Lega \u00e8 stato mascherato dai media di Roma che ampiamente la sostengono.<\/p>\n<p>Che la Lega faccia gli interessi di Roma capitale (\u00e8 stata la Lega a riconoscere Roma Capitale, e perfino AUTONOMA, con tanti soldi da fare invidia a Bolzano !) \u00e8 dimostrato anche dal fatto che ora si \u00e8 proceduto alla RIDUZIONE DEI CONSIGLIERI COMUNALI.<\/p>\n<p>Per dimostrare che la Lega lavora per Roma, QUESTA VOLTA HO ASPETTATO CHE FACESSERO IL DANNO<\/p>\n<p>Con la recente legge il Ministro Maroni ha RIDOTTO I CONSIGLIERI COMUNALI.<\/p>\n<p>Questo \u00e8 contrario alla Carta Europea per l&#8217;Autogoverno degli Enti Locali, per cui ho chiesto al Ministro dell&#8217;Interno Maroni, al Governo, al Presidente della Repubblica, e pure agli organismi Europei, di RISPETTARE questa carta.<\/p>\n<p>La conseguenza della Violazione di questa Carta \u00e8 che le elezioni comunali e provinciali di tutti quei comuni e province che si sono  visti ridurre il numero di consiglieri, sono ILLEGALI, perch\u00e9 in violazione della carta, ossia del Trattato di Lisbona, e pure agli articoli 2 e 10  della Costituzione Italiana.<\/p>\n<p>Vediamo se qualche buon sindaco o presidente di Provincia far\u00e0 ricorso.<\/p>\n<p>Ma cosa centra il federalismo?<\/p>\n<p>Oddio! Mi pare evidente che se non si garantisce una sfera inviolabile di competenze agli enti locali non si pu\u00f2 parlare di federalismo, ma nemmeno di autonomia. Si tratta di Centralismo puro.<\/p>\n<p>La Lega sta esprimendo il pi\u00f9 puro centralismo filo-parassitario:<\/p>\n<p>&#8211; Istituzione della Capitale con dotazioni di ingenti risorse economiche e l&#8217;autonomia solo ad essa<\/p>\n<p>&#8211; ripiano di amministrazioni fallimentari come Catania, Sicilia, Campania ecc<\/p>\n<p>&#8211; esenzioni fiscali per ampi strati di popolazioni assistite<\/p>\n<p>&#8211; riduzione delle amministrazioni locali, specie se virtuose<\/p>\n<p>&#8211; tagli maggiori alle amministrazioni locali virtuose<\/p>\n<p>&#8211; tagli sui finanziamenti degli enti locali<\/p>\n<p>&#8211; riduzione delle capacit\u00e0 operative delle amministrazioni locali.<\/p>\n<p>Tutte queste cose sono contrarie alla Carta Europea per l&#8217;Autogoverno degli enti locali.<\/p>\n<p>Inoltre, la stessa Carta impone che se a un comune si assegnano delle competenze, ad esso si deve dare anche dei metodi certi di sostentamento per le stesse.<\/p>\n<p>I comuni Italiani invece vivono di Multe, Debiti e devono vendere anche il contenuto delle mutande per poter sopravvivere.<\/p>\n<p>Tutto questo \u00e8 contrario alla Carta, che invece impone una gestione stabile, fatta di fonti certe e progressive di finanziamento.<\/p>\n<p>Dove sono i leghisti capaci di FARE queste cose?<\/p>\n<p>Dove sono i democratici che capiscono il valore democratico di queste cose ?<\/p>\n<p>Dove sono i liberali che capiscono il valore di libert\u00e0 di questi principio a fronte di un governo invasivo e forse anche invasore fin dall&#8217;inizio?<\/p>\n<p>Ma non \u00e8 finita. L&#8217;Italia si \u00e8 impegnata a rispettare tale Carta Europea con una propria legge, e senza riserve.<\/p>\n<p>Il fatto che l&#8217;Italia non rispetti le proprie leggi \u00e8  la violazione dello &#8220;Stato di Diritto&#8221; che \u00e8 imposto dal Trattato di Lisbona.<\/p>\n<p>Questo concetto dello Stato di Diritto \u00e8 invece del tutto assente nella Costituzione , a dimostrazione che non vale praticamente pi\u00f9 nulla.<\/p>\n<p>Per questo noi di &#8220;Venetie per l&#8217;Autogoverno&#8221; abbiamo scritto alla Commissione Europea per chiedere che se necessario si faccia un commissariamento dell&#8217;Italia per attuare questi principi. Si tratta del meccanismo della Sussidiariet\u00e0 verso il basso, che serve per i bambini cattivi.<\/p>\n<p>Qualche giorno prima della presentazione  dell&#8217;istanza alla Commissione Europea e al Consiglio d&#8217;Europa, il Governo Italiano ha espresso l&#8217;opinione di uscire dall&#8217;Europa.<\/p>\n<p>Dopo la presentazione sono successi questi strani fatti:<\/p>\n<p>&#8211; il giorno dopo Maroni ha dichiarato che  l&#8217;emergenza profughi \u00e8 finita.<\/p>\n<p>&#8211; 2 giorni dopo l&#8217;Europa ha dato ragione alla Francia sulla questione profughi.<\/p>\n<p>&#8211; 3 giorni dopo l&#8217;Europa ha detto che l&#8217;Italia non conosce le leggi europee.<\/p>\n<p>&#8211; il 20 aprile Tremonti afferma che occorre rivedere.<\/p>\n<p>Ora tutti sono corsi a Bruxelles a chiedere venia per varie questioni.<\/p>\n<p>Le coincidenze che si ripetono in scienza si chiamano Legge.<\/p>\n<p>Ma in quel ricorso che abbiamo presentato Vi \u00e8 una ulteriore questione ancora pi\u00f9 importante, di cui parler\u00f2 in dettaglio in un altro post.<\/p>\n<p>Ma basti sapere che essa mette in discussione la faccia pulita dell&#8217;Europa, la sua credibilit\u00e0 internazionale.<\/p>\n<p>Abbiamo invocato la Carta sulle minoranze nazionale, che riconosce alle minoranze molti diritti: Bilinguismo, partecipazione alle elezioni con seggi speciali, scuole e media in lingua minoritaria.<\/p>\n<p>Abbiamo chiesto che vengano attuati questi &#8220;diritti umani&#8221;  per il popolo Veneto; legalmente non \u00e8 discutibile che il &#8220;popolo veneto&#8221;, essendo riconosciuto dalla legge costituzionale, sia di fatto una &#8220;minoranza nazionale&#8221;, e dunque ne abbia i diritti.<\/p>\n<p>Questa questione, mirata alle Venezie e non a tutta l&#8217;Italia, dovr\u00e0 essere presa in carico dall&#8217;Europa, o essa  perder\u00e0 la faccia di fronte al mondo.<\/p>\n","protected":false},"excerpt":{"rendered":"<p>Per quanto riesca incredibile ai centralisti, e ancora di pi\u00f9 ai federalisti, un trattato del Consiglio d&#8217;Europa impone il federalismo dal 1989. Si tratta della Carta Europea per l&#8217;Autogoverno degli enti Locali, dove &#8220;Autogoverno&#8221; e stato falsamente tradotto con Autonomia. Questa carta ha permesso che la Russia<\/p>\n","protected":false},"author":292,"featured_media":0,"comment_status":"open","ping_status":"closed","sticky":false,"template":"","format":"standard","meta":{"advanced_seo_description":"","jetpack_seo_html_title":"","jetpack_seo_noindex":false,"jetpack_post_was_ever_published":false,"_jetpack_newsletter_access":"","_jetpack_dont_email_post_to_subs":false,"_jetpack_newsletter_tier_id":0,"_jetpack_memberships_contains_paywalled_content":false,"_jetpack_memberships_contains_paid_content":false,"footnotes":"","jetpack_publicize_message":"","jetpack_publicize_feature_enabled":true,"jetpack_social_post_already_shared":false,"jetpack_social_options":{"image_generator_settings":{"template":"highway","default_image_id":0,"font":"","enabled":false},"version":2}},"categories":[12,8,15,6,11],"tags":[],"class_list":["post-1478","post","type-post","status-publish","format-standard","hentry","category-autogoverno-popolo-veneto","category-economia","category-giustizia","category-politica","category-venetie","has-post-title","has-post-date","has-post-category","has-post-tag","has-post-comment","has-post-author",""],"jetpack_publicize_connections":[],"jetpack_featured_media_url":"","jetpack-related-posts":[],"jetpack_sharing_enabled":true,"jetpack_likes_enabled":true,"builder_content":"","_links":{"self":[{"href":"https:\/\/palmerini.net\/blog\/wp-json\/wp\/v2\/posts\/1478","targetHints":{"allow":["GET"]}}],"collection":[{"href":"https:\/\/palmerini.net\/blog\/wp-json\/wp\/v2\/posts"}],"about":[{"href":"https:\/\/palmerini.net\/blog\/wp-json\/wp\/v2\/types\/post"}],"author":[{"embeddable":true,"href":"https:\/\/palmerini.net\/blog\/wp-json\/wp\/v2\/users\/292"}],"replies":[{"embeddable":true,"href":"https:\/\/palmerini.net\/blog\/wp-json\/wp\/v2\/comments?post=1478"}],"version-history":[{"count":0,"href":"https:\/\/palmerini.net\/blog\/wp-json\/wp\/v2\/posts\/1478\/revisions"}],"wp:attachment":[{"href":"https:\/\/palmerini.net\/blog\/wp-json\/wp\/v2\/media?parent=1478"}],"wp:term":[{"taxonomy":"category","embeddable":true,"href":"https:\/\/palmerini.net\/blog\/wp-json\/wp\/v2\/categories?post=1478"},{"taxonomy":"post_tag","embeddable":true,"href":"https:\/\/palmerini.net\/blog\/wp-json\/wp\/v2\/tags?post=1478"}],"curies":[{"name":"wp","href":"https:\/\/api.w.org\/{rel}","templated":true}]}}