{"id":14502,"date":"2018-05-18T23:43:21","date_gmt":"2018-05-18T22:43:21","guid":{"rendered":"http:\/\/www.palmerini.net\/blog\/?p=14502"},"modified":"2020-01-23T21:41:04","modified_gmt":"2020-01-23T20:41:04","slug":"lo-stato-da-mar-venezia-nel-1500","status":"publish","type":"post","link":"https:\/\/palmerini.net\/blog\/lo-stato-da-mar-venezia-nel-1500\/","title":{"rendered":"Lo Stato da Mar &#8211; Venezia nel 1500"},"content":{"rendered":"<p>Questo piccolo testo di 16 pagine, riferendo ci\u00f2 che sta in una illustre bibliografia, racconta uno spaccato di uno stato, la Repubblica di Venezia, che in quanto a complessit\u00e0, modernit\u00e0 e storicit\u00e0\u00a0 fa impallidire,\u00a0a volte, il presente.<\/p>\n<p><a href=\"https:\/\/www.academia.edu\/19884221\/Lo_Stato_da_Mar\" target=\"_blank\" rel=\"noopener\"><img loading=\"lazy\" decoding=\"async\" class=\"alignleft wp-image-14503 size-full\" src=\"http:\/\/www.palmerini.net\/blog\/wp-content\/uploads\/2018\/05\/lo_stato_da_mar.png\" alt=\"\" width=\"535\" height=\"199\" srcset=\"https:\/\/palmerini.net\/blog\/wp-content\/uploads\/2018\/05\/lo_stato_da_mar.png 535w, https:\/\/palmerini.net\/blog\/wp-content\/uploads\/2018\/05\/lo_stato_da_mar-300x112.png 300w\" sizes=\"auto, (max-width: 535px) 100vw, 535px\" \/><\/a><\/p>\n<!--themify_builder_content-->\n<div id=\"themify_builder_content-14502\" data-postid=\"14502\" class=\"themify_builder_content themify_builder_content-14502 themify_builder tf_clear\">\n    <\/div>\n<!--\/themify_builder_content-->\n","protected":false},"excerpt":{"rendered":"<p>Questo piccolo testo di 16 pagine, riferendo ci\u00f2 che sta in una illustre bibliografia, racconta uno spaccato di uno stato, la Repubblica di Venezia, che in quanto a complessit\u00e0, modernit\u00e0 e storicit\u00e0\u00a0 fa impallidire,\u00a0a volte, il presente.<\/p>\n","protected":false},"author":293,"featured_media":0,"comment_status":"open","ping_status":"closed","sticky":false,"template":"","format":"standard","meta":{"advanced_seo_description":"","jetpack_seo_html_title":"","jetpack_seo_noindex":false,"jetpack_post_was_ever_published":false,"_jetpack_newsletter_access":"","_jetpack_dont_email_post_to_subs":false,"_jetpack_newsletter_tier_id":0,"_jetpack_memberships_contains_paywalled_content":false,"_jetpack_memberships_contains_paid_content":false,"footnotes":"","jetpack_publicize_message":"","jetpack_publicize_feature_enabled":true,"jetpack_social_post_already_shared":true,"jetpack_social_options":{"image_generator_settings":{"template":"highway","default_image_id":0,"font":"","enabled":false},"version":2}},"categories":[12,8,61],"tags":[],"class_list":["post-14502","post","type-post","status-publish","format-standard","hentry","category-autogoverno-popolo-veneto","category-economia","category-storia","has-post-title","has-post-date","has-post-category","has-post-tag","has-post-comment","has-post-author",""],"jetpack_publicize_connections":[],"jetpack_featured_media_url":"","jetpack-related-posts":[],"jetpack_sharing_enabled":true,"jetpack_likes_enabled":true,"builder_content":"","_links":{"self":[{"href":"https:\/\/palmerini.net\/blog\/wp-json\/wp\/v2\/posts\/14502","targetHints":{"allow":["GET"]}}],"collection":[{"href":"https:\/\/palmerini.net\/blog\/wp-json\/wp\/v2\/posts"}],"about":[{"href":"https:\/\/palmerini.net\/blog\/wp-json\/wp\/v2\/types\/post"}],"author":[{"embeddable":true,"href":"https:\/\/palmerini.net\/blog\/wp-json\/wp\/v2\/users\/293"}],"replies":[{"embeddable":true,"href":"https:\/\/palmerini.net\/blog\/wp-json\/wp\/v2\/comments?post=14502"}],"version-history":[{"count":0,"href":"https:\/\/palmerini.net\/blog\/wp-json\/wp\/v2\/posts\/14502\/revisions"}],"wp:attachment":[{"href":"https:\/\/palmerini.net\/blog\/wp-json\/wp\/v2\/media?parent=14502"}],"wp:term":[{"taxonomy":"category","embeddable":true,"href":"https:\/\/palmerini.net\/blog\/wp-json\/wp\/v2\/categories?post=14502"},{"taxonomy":"post_tag","embeddable":true,"href":"https:\/\/palmerini.net\/blog\/wp-json\/wp\/v2\/tags?post=14502"}],"curies":[{"name":"wp","href":"https:\/\/api.w.org\/{rel}","templated":true}]}}