{"id":1445,"date":"2011-04-01T15:30:26","date_gmt":"2011-04-01T14:30:26","guid":{"rendered":"http:\/\/www.palmerini.net\/blog\/?p=1445"},"modified":"2011-04-01T15:38:06","modified_gmt":"2011-04-01T14:38:06","slug":"lampedusa-immigrazione-democrazia-e-stipendi-doro","status":"publish","type":"post","link":"https:\/\/palmerini.net\/blog\/lampedusa-immigrazione-democrazia-e-stipendi-doro\/","title":{"rendered":"Lampedusa, immigrazione, democrazia e stipendi d&#8217;oro"},"content":{"rendered":"<p>Gli immigrati che liberamente fuggono dalle tende dei centri di raccolta  dimostrano che non si sa affrontare la questione immigrazione n\u00e9  secondo le leggi, n\u00e9 secondo le necessit\u00e0, n\u00e9 ci si adatta a copiare le  soluzioni di Malta o della Francia o perfino della Croazia.<\/p>\n<p>Circa\u00a0 10 giorni fa ho per\u00f2 proposto di trasformare\u00a0 Lampedusa in un  territorio\u00a0 legalmente di &#8220;cuscinetto&#8221; per alcuni anni, e\u00a0 garantendo ai  lampedusani un sostegno dallo Stato e specifici patti economici, faccia  in modo che chi sbarca in quell&#8217;isola non abbia l&#8217;automatico diritto  alla circolazione nella UE.<\/p>\n<p>Nel corso di questa trasmissione ho parlato del problema, annunciando  che chiederemo la gestione autonoma dei flussi nel territorio dei veneti  in base alla carta europea sulle minoranze nazionali del 1997<\/p>\n<p>Ho anche parlato del sistema democratico italiano inceppato, fatto di brogli e  censure, di monopolio dell&#8217;informazione da parte di blocchi  preconfezionati e stipendiati vergognosamente.<\/p>\n<p>[flashvideo file=http:\/\/www.oltremedia.info\/sections\/01_Venetie\/telenuovo2011apr01-palmerini.flv height=350 width=350 \/]<\/p>\n","protected":false},"excerpt":{"rendered":"<p>Gli immigrati che liberamente fuggono dalle tende dei centri di raccolta dimostrano che non si sa affrontare la questione immigrazione n\u00e9 secondo le leggi, n\u00e9 secondo le necessit\u00e0, n\u00e9 ci si adatta a copiare le soluzioni di Malta o della Francia o perfino della Croazia. Circa\u00a0 10 giorni fa ho per\u00f2 proposto di trasformare\u00a0 Lampedusa [&hellip;]<\/p>\n","protected":false},"author":292,"featured_media":0,"comment_status":"open","ping_status":"closed","sticky":false,"template":"","format":"standard","meta":{"advanced_seo_description":"","jetpack_seo_html_title":"","jetpack_seo_noindex":false,"jetpack_post_was_ever_published":false,"_jetpack_newsletter_access":"","_jetpack_dont_email_post_to_subs":false,"_jetpack_newsletter_tier_id":0,"_jetpack_memberships_contains_paywalled_content":false,"_jetpack_memberships_contains_paid_content":false,"footnotes":"","jetpack_publicize_message":"","jetpack_publicize_feature_enabled":true,"jetpack_social_post_already_shared":false,"jetpack_social_options":{"image_generator_settings":{"template":"highway","default_image_id":0,"font":"","enabled":false},"version":2}},"categories":[12,10,15,6,14,11],"tags":[],"class_list":["post-1445","post","type-post","status-publish","format-standard","hentry","category-autogoverno-popolo-veneto","category-diritti-umani","category-giustizia","category-politica","category-apparizioni","category-venetie","has-post-title","has-post-date","has-post-category","has-post-tag","has-post-comment","has-post-author",""],"jetpack_publicize_connections":[],"jetpack_featured_media_url":"","jetpack-related-posts":[],"jetpack_sharing_enabled":true,"jetpack_likes_enabled":true,"builder_content":"","_links":{"self":[{"href":"https:\/\/palmerini.net\/blog\/wp-json\/wp\/v2\/posts\/1445","targetHints":{"allow":["GET"]}}],"collection":[{"href":"https:\/\/palmerini.net\/blog\/wp-json\/wp\/v2\/posts"}],"about":[{"href":"https:\/\/palmerini.net\/blog\/wp-json\/wp\/v2\/types\/post"}],"author":[{"embeddable":true,"href":"https:\/\/palmerini.net\/blog\/wp-json\/wp\/v2\/users\/292"}],"replies":[{"embeddable":true,"href":"https:\/\/palmerini.net\/blog\/wp-json\/wp\/v2\/comments?post=1445"}],"version-history":[{"count":0,"href":"https:\/\/palmerini.net\/blog\/wp-json\/wp\/v2\/posts\/1445\/revisions"}],"wp:attachment":[{"href":"https:\/\/palmerini.net\/blog\/wp-json\/wp\/v2\/media?parent=1445"}],"wp:term":[{"taxonomy":"category","embeddable":true,"href":"https:\/\/palmerini.net\/blog\/wp-json\/wp\/v2\/categories?post=1445"},{"taxonomy":"post_tag","embeddable":true,"href":"https:\/\/palmerini.net\/blog\/wp-json\/wp\/v2\/tags?post=1445"}],"curies":[{"name":"wp","href":"https:\/\/api.w.org\/{rel}","templated":true}]}}