{"id":12,"date":"2006-05-23T00:00:00","date_gmt":"2006-05-22T23:00:00","guid":{"rendered":""},"modified":"2010-01-10T16:47:31","modified_gmt":"2010-01-10T15:47:31","slug":"le-ragione-del-no-al-referendum-del-25-e-26-giugno-2006","status":"publish","type":"post","link":"https:\/\/palmerini.net\/blog\/le-ragione-del-no-al-referendum-del-25-e-26-giugno-2006\/","title":{"rendered":"Le ragione del  &#8220;NO&#8221; AL REFERENDUM DEL 25 e 26 GIUGNO 2006"},"content":{"rendered":"<p>Nel aprile 2006 ho fondato il &#8220;COMITATO REFERENDARIO PER IL NO AL REFERENDUM DEL 25 e 26 GIUGNO 2006&#8221;<\/p>\n<p>Ecco le ragioni che portavo contro la patacca &#8220;Devolution&#8221;.<br \/>\nATTENZIONE: gli argomenti sotto riportati sono stati registrati e sono sottoposti a protezione legale. La loro divulgazione \u00e8 permessa a patto che vengano accompagnati sempre dalla citazione della fonte ( www.autogoverno.net ) e dell&#8217;autore &#8220;Palmerini Loris&#8221;.<\/p>\n<p>Il COMITATO referendario per il NO il 25 e 26 Giugno 2006 \u00e8 costituito da federalisti, autonomisti uniti contro la cosidetta &#8220;Devolution&#8221;, che entrer\u00e0 in vigore se i NO non saranno la maggioranza.<\/p>\n<p>Si sta cercando il silenzio per far passare un danno ai cittadini come fosse un assenso.<\/p>\n<p>La riforma della Costituzione adottata nel 2005 dalla CDL, conosciuta come<\/p>\n<p>LA DEVOLUTION, NON REALIZZA UN FEDERALISMO FISCALE<br \/>\nma oltretutto<br \/>\nLA DEVOLUTION, NON DA&#8217; MAGGIORI AUTONOMIE AGLI ENTI LOCALI<br \/>\nal contrario, scandalosamente e configurando una truffa, invece di ampliare i poteri delle amministrazioni locali e regionali secondo il principio dell&#8217; AUTOGOVERNO previsto dalle norme internazionali,<br \/>\nLA DEVOLUTION TOGLIE ALCUNE IMPORTANTI COMPETENZE DEGLI ENTI REGIONALI SENZA DARNE DI NUOVE .<\/p>\n<p>e, diversamente da prima,<\/p>\n<p>CON LA DEVOLUTION LE COMPETENZE REGIONALI VENGONO SOTTOPOSTE AL VETO DELL&#8217;INTERESSE NAZIONALE<br \/>\ncon il quale si potr\u00e0 fermare qualunque forma di gestione differenziata.<\/p>\n<p>Nel complesso si pu\u00f2 tranquillamente affermare che<\/p>\n<p>la DEVOLUTION E&#8217; LA NEGAZIONE DEI PRINCIPI FEDERALISTI E AUTONOMISTI<br \/>\nLA DEVOLUTION DELLA CDL FA CRESCERE IL CENTRALISMO,<\/p>\n<p>Quanto previsto dalla Devolution  \u00e8 contrario alla &#8220;Carta Europea delle Autonomia Locale&#8221;, la quale riconosce invece gi\u00e0 dal 1986 il principio del Self-Government prevedendo il diritto al federalismo fiscale e gestionale, senza possibilit\u00e0 di ricentralizzare le competenze se non dopo un referendum delle regioni (vedi dopo).<\/p>\n<p>Il principio del Self-Government \u00e8 oggi tutelato dall&#8217; art 117 della Costituzione, e la Carta Europea \u00e8 gi\u00e0 ratificata come legge dallo Stato Italiano.<\/p>\n<p>Con il nuovo art. 117<\/p>\n<p>LA DEVOLUTION TOGLIE ALLO STATO L&#8217;OBBLIGO DI RICONOSCERE NELLA SUA LEGISLAZIONE IL PRINCIPIO DEL SELF-GOVERNMENT<br \/>\nperch\u00e8 toglie l&#8217;obbligo di riconoscere questi atti internazionali (nuovo art.117), e quindi la <a href=\"http:\/\/www.palmerini.net\/blog\/wp-content\/uploads\/2006\/05\/Carta-autonomie.pdf\">Carta Europea Autonomie e Autogoverno locale<\/a> perder\u00e0 valore costituzionale proprio grazie alla DEVOLUTION (!)<\/p>\n<p>E&#8217; insomma una truffa con cui in realt\u00e0 si riducono le garanzie internazionali delle comunit\u00e0 locali, e si realizza un ULTERIORE CENTRALISMO dello Stato Italiano, per di pi\u00f9 sottoponendo tutto all &#8216;INTERESSE NAZIONALE&#8221; che \u00e8 in contrasto alla carta europea.<\/p>\n<p>Ecco alcuni esempi.<\/p>\n<p>CON LA DEVOUTION MENO DIRITTI ECONOMICI E SOCIALI DELLE COMUNITA&#8217; LOCALI<\/p>\n<p>Con il nuovo comma 1 dell&#8217;art.117 modificato dalla devolution viene abrogato<br \/>\nl&#8217;obbligo dello Stato di rispettare i vincoli internazionali, menomando<br \/>\nl&#8217;applicazione di quelle leggi del Consiglio d&#8217;Europa che tutelano le<br \/>\nidentit\u00e0 locali, le minoranze linguistiche, l&#8217;autogoverno locale, il<br \/>\npaesaggio ecc.<\/p>\n<p>Queste norme e in particolare la ETS No. 122 &#8220;la Carta europea dell&#8217;autonomia<br \/>\nlocale&#8221; del 1986, realizzano gi\u00f9 dal 1986 il federalismo fiscale ! Assurdo ma<br \/>\nvero, ma semplicemente l&#8217;Italia non rispetta questi obblighi, che per\u00f2<br \/>\nesistono. Il rispetto di queste norme internazionale \u00e8 attualmente<br \/>\nobbligatorio e inserito all&#8217; art. 117 della Costituzione Italiana.<\/p>\n<p>Con il nuovo art.117 proposto dalla Devolution, lo Stato perde l'&#8221;obbligo<br \/>\ninternazionale&#8221; di rispettare queste norme.<\/p>\n<p>Infatti il Consiglio d&#8217;Europa (http:\/\/www.coe.int ) \u00e8 una organizzazione<br \/>\ninternazionale europea che protegge i diritti umani economici e sociali degli<br \/>\nEuropei, ma il Consiglio d&#8217;Europa non fa parte n\u00e8 dell&#8217;Unione Europea, n\u00e8<br \/>\ndell&#8217;Ordinamento Comunitario, n\u00e8 del diritto Europeo cogente, n\u00e8 dell&#8217;ONU (Certe norme del Consiglio d&#8217;Europa sono &#8220;richiamate&#8221; in certi Trattati sull&#8217;Unione Europea, ma non sono leggi europee).<\/p>\n<p>L&#8217;assenza della frase &#8220;obbligo internazionale&#8221; riduce i diritti delle autonomie perch\u00e8 in pratica toglie allo Stato l&#8217;obbligo di applicare le convenzioni (vedi sotto)<\/p>\n<p>MENO DIRITTI PER LE MINORANZE LINGUISTICHE<br \/>\nL&#8217;eliminazione degli obblighi del diritto internazionale rendono NON COGENTI<br \/>\nle norme del Consiglio d&#8217;Europa sulle minoranze linguistiche.<\/p>\n<p>CENTRALISMO LEGISLATIVO<br \/>\nLa creazione di norme locali emananti dalle autorit\u00e0 locali \u00e8 possibile grazie a una serie di norme internazionali del Consiglio d&#8217;Europa prodotte dal 1977 in poi che in italia sono state largamente NON APPLICATE o disattese.<\/p>\n<p>Queste norme, danno gi\u00e0 oggi importanti competenze alle comunit\u00e0 locali e realizzano gia&#8217; il federalismo e l&#8217;Autogoverno locale anche in termini legali (Carta Europea delle Autonomie Locali). Con la devolution al comma 1 dell&#8217;art.117 viene eliminato l&#8217;obbligo dello Stato, attualmente vigente, di rispettare gli atti degli enti di Autogoverno, e con questo lo Stato prender\u00e0 MANO LIBERA contro gli interessi di comuni, regioni e province.<\/p>\n<p>Cosa gravissima, con questo centralismo legislativo potrebbe essere possibile la soppressione della maggior parte dei &#8220;DIRITTI UMANI&#8221; delle comunit\u00e0 locali e delle minoranze in POCHI ANNI.<\/p>\n<p>INTERESSE NAZIONALE<br \/>\nLa devolution inserisce in costituzione il principio dell&#8217;INTERESSE NAZIONALE, attualmente assente, il quale rende del tutto illusoria ogni sfera di competenza attribuita ad enti locali, in quanto ogni attivit\u00e0 degli stessi potr\u00e0 essere messa in discussione dal governo centrale dietro il generico e ideologico &#8220;Interesse nazionale&#8221;. Questo principio \u00e8 attualmente contrario alle norme del Consiglio d&#8217;Europa, ma anche queste non saranno pi\u00f9 obbligatorie grazie al CENTRALISMO LEGISLATIVO (vedi sopra) che la devolution<br \/>\nrealizza.<\/p>\n<p>NUOVO CENTRALISMO E COMPETENZE PERSE DALLE REGIONI<br \/>\nVengono sottratte alle regioni le seguenti competenze :<\/p>\n<p>1) tutela del credito : questa competenza comprende la importante area delle monete locali in quanto forma di credito del consumo gestite da comuni e regioni molto in uso in Francia, Germania e USA, che servono per stimolare le economie locali. In Aspromonte e a Roma si stanno sperimentando delle monete locali, ed esse verranno strozzate dalla devolution.<\/p>\n<p>2) organizzazioni comuni di mercato: \u00e8 probabile che fra queste organizzazioni si dovranno inserire i &#8220;gruppi di acquisto solidale&#8221; e le organizzazioni cooperative senza fini di lucro che mirino a creare una filiera svincolata dai grossi gruppi di vendita e di acquisto. E&#8217; probabile che eventuali organizzazioni comuni di mercato che usino buoni sconto verranno sottoposte al controllo statale.<\/p>\n<p>3) viene sottoposta allo stato la polizia amministrativa regionale.<\/p>\n<p>4) dalle regioni andranno allo Stato le norme generali sulla tutela sicurezza e qualit\u00e0 alimentari, facendo sparire molti prodotti tipici<\/p>\n<p>5) lo stato potr\u00e0 obbligare i comuni sulle grandi reti strategiche di trasporto e di navigazione e le relative norme di sicurezza, determinando possibili disastri ambientali gravissimi come il Vajont senza che le comunit\u00e0 possano fiatare.<\/p>\n<p>6) norme pi\u00f9 centralizzate per l&#8217;ordinamento della comunicazione<\/p>\n<p>7) verranno centralizzate l&#8217;ordinamento delle professioni intellettuali, dando luogo ad una nuova migrazione di cervelli e l&#8217;impossibilita&#8217; delle regioni di progettare figure intermedie per i loro bisogni<\/p>\n<p>8) l&#8217;ordinamento sportivo verr\u00e0 nazionalizzato proprio dopo lo scandalo calcio che dimostra come un sistema centralizzato pu\u00f2 diventare un sistema Moggi a danno di tutti.<\/p>\n<p>CON LA DEVOLUTION MENO DIRITTI PER I CITTADINI : VOTA NO !<\/p>\n<p>Il presidente del Comitato<br \/>\nPalmerini Loris (cell. 3471416187)<\/p>\n<p>Il comitato cerca referenti provinciali e regionali per la diffusione delle informazioni nei media.<\/p>\n<p>ATTENZIONE: gli argomenti sotto riportati sono stati registrati e sono sottoposti alla tutela legale La loro divulgazione \u00e8 permessa ma deve essere assolutamente accompagnata dalla citazione della fonte ( www.autogoverno.net ) e dell&#8217;autore &#8220;Palmerini Loris&#8221;.<\/p>\n<p><a href=\"http:\/\/conventions.coe.int\/Treaty\/Commun\/QueVoulezVous.asp?NT=122&amp;CM=1&amp;CL=ITA \" target=\"_blank\"><strong>Carta europea delle autonomie locali STCE n\u00b0 :\u00a0122<\/strong> <\/a><\/p>\n<p><a href=\"http:\/\/conventions.coe.int\/Treaty\/Commun\/QueVoulezVous.asp?NT=148&amp;CM=1&amp;CL=ITA\" target=\"_blank\"><strong>Carta europea delle lingue regionali o minoritarie STCE n\u00b0 :\u00a0148<\/strong><\/a><\/p>\n","protected":false},"excerpt":{"rendered":"<p>Nel aprile 2006 ho fondato il &#8220;COMITATO REFERENDARIO PER IL NO AL REFERENDUM DEL 25 e 26 GIUGNO 2006&#8221; Ecco le ragioni che portavo contro la patacca &#8220;Devolution&#8221;. ATTENZIONE: gli argomenti sotto riportati sono stati registrati e sono sottoposti a protezione legale. La loro divulgazione \u00e8 permessa a patto che vengano accompagnati sempre dalla citazione [&hellip;]<\/p>\n","protected":false},"author":292,"featured_media":0,"comment_status":"open","ping_status":"closed","sticky":false,"template":"","format":"standard","meta":{"advanced_seo_description":"","jetpack_seo_html_title":"","jetpack_seo_noindex":false,"jetpack_post_was_ever_published":false,"_jetpack_newsletter_access":"","_jetpack_dont_email_post_to_subs":false,"_jetpack_newsletter_tier_id":0,"_jetpack_memberships_contains_paywalled_content":false,"_jetpack_memberships_contains_paid_content":false,"footnotes":"","jetpack_publicize_message":"","jetpack_publicize_feature_enabled":true,"jetpack_social_post_already_shared":false,"jetpack_social_options":{"image_generator_settings":{"template":"highway","default_image_id":0,"font":"","enabled":false},"version":2}},"categories":[12,10,6,11],"tags":[],"class_list":["post-12","post","type-post","status-publish","format-standard","hentry","category-autogoverno-popolo-veneto","category-diritti-umani","category-politica","category-venetie","has-post-title","has-post-date","has-post-category","has-post-tag","has-post-comment","has-post-author",""],"jetpack_publicize_connections":[],"jetpack_featured_media_url":"","jetpack-related-posts":[],"jetpack_sharing_enabled":true,"jetpack_likes_enabled":true,"builder_content":"","_links":{"self":[{"href":"https:\/\/palmerini.net\/blog\/wp-json\/wp\/v2\/posts\/12","targetHints":{"allow":["GET"]}}],"collection":[{"href":"https:\/\/palmerini.net\/blog\/wp-json\/wp\/v2\/posts"}],"about":[{"href":"https:\/\/palmerini.net\/blog\/wp-json\/wp\/v2\/types\/post"}],"author":[{"embeddable":true,"href":"https:\/\/palmerini.net\/blog\/wp-json\/wp\/v2\/users\/292"}],"replies":[{"embeddable":true,"href":"https:\/\/palmerini.net\/blog\/wp-json\/wp\/v2\/comments?post=12"}],"version-history":[{"count":0,"href":"https:\/\/palmerini.net\/blog\/wp-json\/wp\/v2\/posts\/12\/revisions"}],"wp:attachment":[{"href":"https:\/\/palmerini.net\/blog\/wp-json\/wp\/v2\/media?parent=12"}],"wp:term":[{"taxonomy":"category","embeddable":true,"href":"https:\/\/palmerini.net\/blog\/wp-json\/wp\/v2\/categories?post=12"},{"taxonomy":"post_tag","embeddable":true,"href":"https:\/\/palmerini.net\/blog\/wp-json\/wp\/v2\/tags?post=12"}],"curies":[{"name":"wp","href":"https:\/\/api.w.org\/{rel}","templated":true}]}}